{"id":3486,"date":"2026-09-04T14:59:51","date_gmt":"2026-09-04T17:59:51","guid":{"rendered":"https:\/\/senalbamg.org.br\/?p=3486"},"modified":"2026-09-04T15:00:20","modified_gmt":"2026-09-04T18:00:20","slug":"diante-de-questionamentos-quem-indicou-alexandre-de-moraes-e-por-que-importa","status":"publish","type":"post","link":"https:\/\/senalbamg.org.br\/index.php\/2026\/09\/04\/diante-de-questionamentos-quem-indicou-alexandre-de-moraes-e-por-que-importa\/","title":{"rendered":"Diante de questionamentos: quem indicou Alexandre de Moraes e por que importa"},"content":{"rendered":"\n<p class=\"wp-block-paragraph\">Recentemente o SENALBA-MG tem recebido questionamentos se ir\u00edamos ou n\u00e3o falar sobre o caso de Alexandre de Moraes, principalmente quando mat\u00e9rias postadas pelo Sindicato envolvem Fl\u00e1vio Bolsonaro, dando a entender que Alexandre de Moraes \u00e9 um Ministro indicado pelo PT ou por algu\u00e9m da esquerda. Reiteramos que o SENALBA-MG n\u00e3o defende nenhum ministro e defende que aja de forma veemente a investiga\u00e7\u00e3o em quem quer que seja.<\/p>\n\n\n\n<p class=\"wp-block-paragraph\">\u00c9 importante que o SENALBA-MG se pronuncie para que toda fake news seja combatida e que todo o questionamento que estamos recebendo seja esclarecido. Ressaltamos que cobremos dos que realmente precisam ser cobrados. Alexandre de Moraes \u00e9 fruto do centr\u00e3o, e \u00e9 fundamental que isso fique claro: em sua indica\u00e7\u00e3o, o PT foi o \u00fanico partido que se op\u00f4s.<\/p>\n\n\n\n<p class=\"wp-block-paragraph\">Mas para os aloprados de plant\u00e3o espalhando fake news, vamos lembrar que Alexandre de Moraes surgiu no mundo pol\u00edtico como Ministro da Justi\u00e7a no governo do golpista Michel Temer. A posse do hoje Ministro ocorreu em 22 de mar\u00e7o de 2017, depois do golpe sofrido pela Dilma que, em 2026, completou 10 anos.<\/p>\n\n\n\n<p class=\"wp-block-paragraph\">Alexandre de Moraes foi a \u00fanica indica\u00e7\u00e3o do golpista Temer e tomou lugar no STF ap\u00f3s a morte do Ministro Teori Zavascki. Dilma j\u00e1 n\u00e3o fazia parte da presid\u00eancia e Lula foi preso em abril do ano seguinte.<\/p>\n\n\n\n<p class=\"wp-block-paragraph\">Reiteramos que o SENALBA-MG s\u00f3 est\u00e1 postando essa nota a fins de informa\u00e7\u00e3o, diante das muitas mensagens que chegam com fake news.<\/p>\n","protected":false},"excerpt":{"rendered":"<p>Recentemente o SENALBA-MG tem recebido questionamentos se ir\u00edamos ou n\u00e3o falar sobre o caso de<\/p>\n","protected":false},"author":6,"featured_media":3487,"comment_status":"open","ping_status":"open","sticky":false,"template":"","format":"standard","meta":{"footnotes":""},"categories":[32],"tags":[],"class_list":["post-3486","post","type-post","status-publish","format-standard","has-post-thumbnail","hentry","category-politica"],"yoast_head":"<!-- This site is optimized with the Yoast SEO plugin v25.1 - https:\/\/yoast.com\/wordpress\/plugins\/seo\/ -->\n<title>Diante de questionamentos: quem indicou Alexandre de Moraes e por que importa - SENALBAMG<\/title>\n<meta name=\"robots\" content=\"index, follow, max-snippet:-1, max-image-preview:large, max-video-preview:-1\" \/>\n<link rel=\"canonical\" href=\"https:\/\/senalbamg.org.br\/index.php\/2026\/09\/04\/diante-de-questionamentos-quem-indicou-alexandre-de-moraes-e-por-que-importa\/\" \/>\n<meta property=\"og:locale\" content=\"pt_PT\" \/>\n<meta property=\"og:type\" content=\"article\" \/>\n<meta property=\"og:title\" content=\"Diante de questionamentos: quem indicou Alexandre de Moraes e por que importa - SENALBAMG\" \/>\n<meta property=\"og:description\" content=\"Recentemente o SENALBA-MG tem recebido questionamentos se ir\u00edamos ou n\u00e3o falar sobre o caso de\" \/>\n<meta property=\"og:url\" content=\"https:\/\/senalbamg.org.br\/index.php\/2026\/09\/04\/diante-de-questionamentos-quem-indicou-alexandre-de-moraes-e-por-que-importa\/\" \/>\n<meta property=\"og:site_name\" content=\"SENALBAMG\" \/>\n<meta property=\"article:author\" content=\"https:\/\/www.facebook.com\/manucastelo1\/\" \/>\n<meta property=\"article:published_time\" content=\"2026-09-04T17:59:51+00:00\" \/>\n<meta property=\"article:modified_time\" content=\"2026-09-04T18:00:20+00:00\" \/>\n<meta property=\"og:image\" content=\"https:\/\/senalbamg.org.br\/wp-content\/uploads\/2026\/09\/45999090851-f9ea846b0a-k.jpg\" \/>\n\t<meta property=\"og:image:width\" content=\"2000\" \/>\n\t<meta property=\"og:image:height\" content=\"1280\" \/>\n\t<meta property=\"og:image:type\" content=\"image\/jpeg\" \/>\n<meta name=\"author\" content=\"Senalbamg\" \/>\n<meta name=\"twitter:card\" content=\"summary_large_image\" \/>\n<meta name=\"twitter:creator\" content=\"@manucastelo\" \/>\n<meta name=\"twitter:label1\" content=\"Escrito por\" \/>\n\t<meta name=\"twitter:data1\" content=\"Senalbamg\" \/>\n\t<meta name=\"twitter:label2\" content=\"Tempo estimado de leitura\" \/>\n\t<meta name=\"twitter:data2\" content=\"2 minutos\" \/>\n<script type=\"application\/ld+json\" class=\"yoast-schema-graph\">{\"@context\":\"https:\/\/schema.org\",\"@graph\":[{\"@type\":\"Article\",\"@id\":\"https:\/\/senalbamg.org.br\/index.php\/2026\/09\/04\/diante-de-questionamentos-quem-indicou-alexandre-de-moraes-e-por-que-importa\/#article\",\"isPartOf\":{\"@id\":\"https:\/\/senalbamg.org.br\/index.php\/2026\/09\/04\/diante-de-questionamentos-quem-indicou-alexandre-de-moraes-e-por-que-importa\/\"},\"author\":{\"name\":\"Senalbamg\",\"@id\":\"https:\/\/senalbamg.org.br\/#\/schema\/person\/a1182b231037888a45ea6853e70d3ba0\"},\"headline\":\"Diante de questionamentos: quem indicou Alexandre de Moraes e por que importa\",\"datePublished\":\"2026-09-04T17:59:51+00:00\",\"dateModified\":\"2026-09-04T18:00:20+00:00\",\"mainEntityOfPage\":{\"@id\":\"https:\/\/senalbamg.org.br\/index.php\/2026\/09\/04\/diante-de-questionamentos-quem-indicou-alexandre-de-moraes-e-por-que-importa\/\"},\"wordCount\":262,\"commentCount\":0,\"publisher\":{\"@id\":\"https:\/\/senalbamg.org.br\/#organization\"},\"image\":{\"@id\":\"https:\/\/senalbamg.org.br\/index.php\/2026\/09\/04\/diante-de-questionamentos-quem-indicou-alexandre-de-moraes-e-por-que-importa\/#primaryimage\"},\"thumbnailUrl\":\"https:\/\/senalbamg.org.br\/wp-content\/uploads\/2026\/09\/45999090851-f9ea846b0a-k.jpg\",\"articleSection\":[\"Pol\u00edtica\"],\"inLanguage\":\"pt-PT\",\"potentialAction\":[{\"@type\":\"CommentAction\",\"name\":\"Comment\",\"target\":[\"https:\/\/senalbamg.org.br\/index.php\/2026\/09\/04\/diante-de-questionamentos-quem-indicou-alexandre-de-moraes-e-por-que-importa\/#respond\"]}]},{\"@type\":\"WebPage\",\"@id\":\"https:\/\/senalbamg.org.br\/index.php\/2026\/09\/04\/diante-de-questionamentos-quem-indicou-alexandre-de-moraes-e-por-que-importa\/\",\"url\":\"https:\/\/senalbamg.org.br\/index.php\/2026\/09\/04\/diante-de-questionamentos-quem-indicou-alexandre-de-moraes-e-por-que-importa\/\",\"name\":\"Diante de questionamentos: quem indicou Alexandre de Moraes e por que importa - SENALBAMG\",\"isPartOf\":{\"@id\":\"https:\/\/senalbamg.org.br\/#website\"},\"primaryImageOfPage\":{\"@id\":\"https:\/\/senalbamg.org.br\/index.php\/2026\/09\/04\/diante-de-questionamentos-quem-indicou-alexandre-de-moraes-e-por-que-importa\/#primaryimage\"},\"image\":{\"@id\":\"https:\/\/senalbamg.org.br\/index.php\/2026\/09\/04\/diante-de-questionamentos-quem-indicou-alexandre-de-moraes-e-por-que-importa\/#primaryimage\"},\"thumbnailUrl\":\"https:\/\/senalbamg.org.br\/wp-content\/uploads\/2026\/09\/45999090851-f9ea846b0a-k.jpg\",\"datePublished\":\"2026-09-04T17:59:51+00:00\",\"dateModified\":\"2026-09-04T18:00:20+00:00\",\"breadcrumb\":{\"@id\":\"https:\/\/senalbamg.org.br\/index.php\/2026\/09\/04\/diante-de-questionamentos-quem-indicou-alexandre-de-moraes-e-por-que-importa\/#breadcrumb\"},\"inLanguage\":\"pt-PT\",\"potentialAction\":[{\"@type\":\"ReadAction\",\"target\":[\"https:\/\/senalbamg.org.br\/index.php\/2026\/09\/04\/diante-de-questionamentos-quem-indicou-alexandre-de-moraes-e-por-que-importa\/\"]}]},{\"@type\":\"ImageObject\",\"inLanguage\":\"pt-PT\",\"@id\":\"https:\/\/senalbamg.org.br\/index.php\/2026\/09\/04\/diante-de-questionamentos-quem-indicou-alexandre-de-moraes-e-por-que-importa\/#primaryimage\",\"url\":\"https:\/\/senalbamg.org.br\/wp-content\/uploads\/2026\/09\/45999090851-f9ea846b0a-k.jpg\",\"contentUrl\":\"https:\/\/senalbamg.org.br\/wp-content\/uploads\/2026\/09\/45999090851-f9ea846b0a-k.jpg\",\"width\":2000,\"height\":1280},{\"@type\":\"BreadcrumbList\",\"@id\":\"https:\/\/senalbamg.org.br\/index.php\/2026\/09\/04\/diante-de-questionamentos-quem-indicou-alexandre-de-moraes-e-por-que-importa\/#breadcrumb\",\"itemListElement\":[{\"@type\":\"ListItem\",\"position\":1,\"name\":\"In\u00edcio\",\"item\":\"https:\/\/senalbamg.org.br\/\"},{\"@type\":\"ListItem\",\"position\":2,\"name\":\"Diante de questionamentos: quem indicou Alexandre de Moraes e por que importa\"}]},{\"@type\":\"WebSite\",\"@id\":\"https:\/\/senalbamg.org.br\/#website\",\"url\":\"https:\/\/senalbamg.org.br\/\",\"name\":\"SENALBAMG\",\"description\":\"Fortale\u00e7a seu sindicato!\",\"publisher\":{\"@id\":\"https:\/\/senalbamg.org.br\/#organization\"},\"potentialAction\":[{\"@type\":\"SearchAction\",\"target\":{\"@type\":\"EntryPoint\",\"urlTemplate\":\"https:\/\/senalbamg.org.br\/?s={search_term_string}\"},\"query-input\":{\"@type\":\"PropertyValueSpecification\",\"valueRequired\":true,\"valueName\":\"search_term_string\"}}],\"inLanguage\":\"pt-PT\"},{\"@type\":\"Organization\",\"@id\":\"https:\/\/senalbamg.org.br\/#organization\",\"name\":\"SENALBAMG\",\"url\":\"https:\/\/senalbamg.org.br\/\",\"logo\":{\"@type\":\"ImageObject\",\"inLanguage\":\"pt-PT\",\"@id\":\"https:\/\/senalbamg.org.br\/#\/schema\/logo\/image\/\",\"url\":\"https:\/\/senalbamg.org.br\/wp-content\/uploads\/2025\/05\/Black-White-Letter-MD-Logo-Instagram-Post-Copia-1.jpg\",\"contentUrl\":\"https:\/\/senalbamg.org.br\/wp-content\/uploads\/2025\/05\/Black-White-Letter-MD-Logo-Instagram-Post-Copia-1.jpg\",\"width\":1080,\"height\":504,\"caption\":\"SENALBAMG\"},\"image\":{\"@id\":\"https:\/\/senalbamg.org.br\/#\/schema\/logo\/image\/\"}},{\"@type\":\"Person\",\"@id\":\"https:\/\/senalbamg.org.br\/#\/schema\/person\/a1182b231037888a45ea6853e70d3ba0\",\"name\":\"Senalbamg\",\"image\":{\"@type\":\"ImageObject\",\"inLanguage\":\"pt-PT\",\"@id\":\"https:\/\/senalbamg.org.br\/#\/schema\/person\/image\/\",\"url\":\"https:\/\/secure.gravatar.com\/avatar\/b03df12ad1668e9441e8303782bc9e63c63c07de35381ddc9ad9105ea877da7f?s=96&d=mm&r=g\",\"contentUrl\":\"https:\/\/secure.gravatar.com\/avatar\/b03df12ad1668e9441e8303782bc9e63c63c07de35381ddc9ad9105ea877da7f?s=96&d=mm&r=g\",\"caption\":\"Senalbamg\"},\"description\":\"O Senalba-MG \u00e9 o sindicato que representa os trabalhadores do Sistema S em Minas Gerais \u2014 Sesi, Senai, Sesc, Senac, Sescoop, Sest, Senat e Senar. Tamb\u00e9m atuamos na defesa dos trabalhadores da Assist\u00eancia Social, abrangendo entidades sem fins lucrativos, associa\u00e7\u00f5es, funda\u00e7\u00f5es, creches, ONGs, OSs, OSCIPs. Nossa base inclui ainda os profissionais dos cursos livres, como os de idiomas, inform\u00e1tica e capacita\u00e7\u00e3o profissional.\",\"sameAs\":[\"https:\/\/senalbamg.org.br\/\",\"https:\/\/www.facebook.com\/manucastelo1\/\",\"https:\/\/www.instagram.com\/manucastelo\/?hl=pt-br\",\"https:\/\/www.linkedin.com\/in\/manucastelo\/\",\"https:\/\/br.pinterest.com\/manucastelo\/\",\"https:\/\/x.com\/manucastelo\",\"https:\/\/www.youtube.com\/@manucastelo1\"],\"url\":\"https:\/\/senalbamg.org.br\/index.php\/author\/manus\/\"}]}<\/script>\n<!-- \/ Yoast SEO plugin. -->","yoast_head_json":{"title":"Diante de questionamentos: quem indicou Alexandre de Moraes e por que importa - SENALBAMG","robots":{"index":"index","follow":"follow","max-snippet":"max-snippet:-1","max-image-preview":"max-image-preview:large","max-video-preview":"max-video-preview:-1"},"canonical":"https:\/\/senalbamg.org.br\/index.php\/2026\/09\/04\/diante-de-questionamentos-quem-indicou-alexandre-de-moraes-e-por-que-importa\/","og_locale":"pt_PT","og_type":"article","og_title":"Diante de questionamentos: quem indicou Alexandre de Moraes e por que importa - SENALBAMG","og_description":"Recentemente o SENALBA-MG tem recebido questionamentos se ir\u00edamos ou n\u00e3o falar sobre o caso de","og_url":"https:\/\/senalbamg.org.br\/index.php\/2026\/09\/04\/diante-de-questionamentos-quem-indicou-alexandre-de-moraes-e-por-que-importa\/","og_site_name":"SENALBAMG","article_author":"https:\/\/www.facebook.com\/manucastelo1\/","article_published_time":"2026-09-04T17:59:51+00:00","article_modified_time":"2026-09-04T18:00:20+00:00","og_image":[{"width":2000,"height":1280,"url":"https:\/\/senalbamg.org.br\/wp-content\/uploads\/2026\/09\/45999090851-f9ea846b0a-k.jpg","type":"image\/jpeg"}],"author":"Senalbamg","twitter_card":"summary_large_image","twitter_creator":"@manucastelo","twitter_misc":{"Escrito por":"Senalbamg","Tempo estimado de leitura":"2 minutos"},"schema":{"@context":"https:\/\/schema.org","@graph":[{"@type":"Article","@id":"https:\/\/senalbamg.org.br\/index.php\/2026\/09\/04\/diante-de-questionamentos-quem-indicou-alexandre-de-moraes-e-por-que-importa\/#article","isPartOf":{"@id":"https:\/\/senalbamg.org.br\/index.php\/2026\/09\/04\/diante-de-questionamentos-quem-indicou-alexandre-de-moraes-e-por-que-importa\/"},"author":{"name":"Senalbamg","@id":"https:\/\/senalbamg.org.br\/#\/schema\/person\/a1182b231037888a45ea6853e70d3ba0"},"headline":"Diante de questionamentos: quem indicou Alexandre de Moraes e por que importa","datePublished":"2026-09-04T17:59:51+00:00","dateModified":"2026-09-04T18:00:20+00:00","mainEntityOfPage":{"@id":"https:\/\/senalbamg.org.br\/index.php\/2026\/09\/04\/diante-de-questionamentos-quem-indicou-alexandre-de-moraes-e-por-que-importa\/"},"wordCount":262,"commentCount":0,"publisher":{"@id":"https:\/\/senalbamg.org.br\/#organization"},"image":{"@id":"https:\/\/senalbamg.org.br\/index.php\/2026\/09\/04\/diante-de-questionamentos-quem-indicou-alexandre-de-moraes-e-por-que-importa\/#primaryimage"},"thumbnailUrl":"https:\/\/senalbamg.org.br\/wp-content\/uploads\/2026\/09\/45999090851-f9ea846b0a-k.jpg","articleSection":["Pol\u00edtica"],"inLanguage":"pt-PT","potentialAction":[{"@type":"CommentAction","name":"Comment","target":["https:\/\/senalbamg.org.br\/index.php\/2026\/09\/04\/diante-de-questionamentos-quem-indicou-alexandre-de-moraes-e-por-que-importa\/#respond"]}]},{"@type":"WebPage","@id":"https:\/\/senalbamg.org.br\/index.php\/2026\/09\/04\/diante-de-questionamentos-quem-indicou-alexandre-de-moraes-e-por-que-importa\/","url":"https:\/\/senalbamg.org.br\/index.php\/2026\/09\/04\/diante-de-questionamentos-quem-indicou-alexandre-de-moraes-e-por-que-importa\/","name":"Diante de questionamentos: quem indicou Alexandre de Moraes e por que importa - SENALBAMG","isPartOf":{"@id":"https:\/\/senalbamg.org.br\/#website"},"primaryImageOfPage":{"@id":"https:\/\/senalbamg.org.br\/index.php\/2026\/09\/04\/diante-de-questionamentos-quem-indicou-alexandre-de-moraes-e-por-que-importa\/#primaryimage"},"image":{"@id":"https:\/\/senalbamg.org.br\/index.php\/2026\/09\/04\/diante-de-questionamentos-quem-indicou-alexandre-de-moraes-e-por-que-importa\/#primaryimage"},"thumbnailUrl":"https:\/\/senalbamg.org.br\/wp-content\/uploads\/2026\/09\/45999090851-f9ea846b0a-k.jpg","datePublished":"2026-09-04T17:59:51+00:00","dateModified":"2026-09-04T18:00:20+00:00","breadcrumb":{"@id":"https:\/\/senalbamg.org.br\/index.php\/2026\/09\/04\/diante-de-questionamentos-quem-indicou-alexandre-de-moraes-e-por-que-importa\/#breadcrumb"},"inLanguage":"pt-PT","potentialAction":[{"@type":"ReadAction","target":["https:\/\/senalbamg.org.br\/index.php\/2026\/09\/04\/diante-de-questionamentos-quem-indicou-alexandre-de-moraes-e-por-que-importa\/"]}]},{"@type":"ImageObject","inLanguage":"pt-PT","@id":"https:\/\/senalbamg.org.br\/index.php\/2026\/09\/04\/diante-de-questionamentos-quem-indicou-alexandre-de-moraes-e-por-que-importa\/#primaryimage","url":"https:\/\/senalbamg.org.br\/wp-content\/uploads\/2026\/09\/45999090851-f9ea846b0a-k.jpg","contentUrl":"https:\/\/senalbamg.org.br\/wp-content\/uploads\/2026\/09\/45999090851-f9ea846b0a-k.jpg","width":2000,"height":1280},{"@type":"BreadcrumbList","@id":"https:\/\/senalbamg.org.br\/index.php\/2026\/09\/04\/diante-de-questionamentos-quem-indicou-alexandre-de-moraes-e-por-que-importa\/#breadcrumb","itemListElement":[{"@type":"ListItem","position":1,"name":"In\u00edcio","item":"https:\/\/senalbamg.org.br\/"},{"@type":"ListItem","position":2,"name":"Diante de questionamentos: quem indicou Alexandre de Moraes e por que importa"}]},{"@type":"WebSite","@id":"https:\/\/senalbamg.org.br\/#website","url":"https:\/\/senalbamg.org.br\/","name":"SENALBAMG","description":"Fortale\u00e7a seu sindicato!","publisher":{"@id":"https:\/\/senalbamg.org.br\/#organization"},"potentialAction":[{"@type":"SearchAction","target":{"@type":"EntryPoint","urlTemplate":"https:\/\/senalbamg.org.br\/?s={search_term_string}"},"query-input":{"@type":"PropertyValueSpecification","valueRequired":true,"valueName":"search_term_string"}}],"inLanguage":"pt-PT"},{"@type":"Organization","@id":"https:\/\/senalbamg.org.br\/#organization","name":"SENALBAMG","url":"https:\/\/senalbamg.org.br\/","logo":{"@type":"ImageObject","inLanguage":"pt-PT","@id":"https:\/\/senalbamg.org.br\/#\/schema\/logo\/image\/","url":"https:\/\/senalbamg.org.br\/wp-content\/uploads\/2025\/05\/Black-White-Letter-MD-Logo-Instagram-Post-Copia-1.jpg","contentUrl":"https:\/\/senalbamg.org.br\/wp-content\/uploads\/2025\/05\/Black-White-Letter-MD-Logo-Instagram-Post-Copia-1.jpg","width":1080,"height":504,"caption":"SENALBAMG"},"image":{"@id":"https:\/\/senalbamg.org.br\/#\/schema\/logo\/image\/"}},{"@type":"Person","@id":"https:\/\/senalbamg.org.br\/#\/schema\/person\/a1182b231037888a45ea6853e70d3ba0","name":"Senalbamg","image":{"@type":"ImageObject","inLanguage":"pt-PT","@id":"https:\/\/senalbamg.org.br\/#\/schema\/person\/image\/","url":"https:\/\/secure.gravatar.com\/avatar\/b03df12ad1668e9441e8303782bc9e63c63c07de35381ddc9ad9105ea877da7f?s=96&d=mm&r=g","contentUrl":"https:\/\/secure.gravatar.com\/avatar\/b03df12ad1668e9441e8303782bc9e63c63c07de35381ddc9ad9105ea877da7f?s=96&d=mm&r=g","caption":"Senalbamg"},"description":"O Senalba-MG \u00e9 o sindicato que representa os trabalhadores do Sistema S em Minas Gerais \u2014 Sesi, Senai, Sesc, Senac, Sescoop, Sest, Senat e Senar. Tamb\u00e9m atuamos na defesa dos trabalhadores da Assist\u00eancia Social, abrangendo entidades sem fins lucrativos, associa\u00e7\u00f5es, funda\u00e7\u00f5es, creches, ONGs, OSs, OSCIPs. Nossa base inclui ainda os profissionais dos cursos livres, como os de idiomas, inform\u00e1tica e capacita\u00e7\u00e3o profissional.","sameAs":["https:\/\/senalbamg.org.br\/","https:\/\/www.facebook.com\/manucastelo1\/","https:\/\/www.instagram.com\/manucastelo\/?hl=pt-br","https:\/\/www.linkedin.com\/in\/manucastelo\/","https:\/\/br.pinterest.com\/manucastelo\/","https:\/\/x.com\/manucastelo","https:\/\/www.youtube.com\/@manucastelo1"],"url":"https:\/\/senalbamg.org.br\/index.php\/author\/manus\/"}]}},"_links":{"self":[{"href":"https:\/\/senalbamg.org.br\/index.php\/wp-json\/wp\/v2\/posts\/3486","targetHints":{"allow":["GET"]}}],"collection":[{"href":"https:\/\/senalbamg.org.br\/index.php\/wp-json\/wp\/v2\/posts"}],"about":[{"href":"https:\/\/senalbamg.org.br\/index.php\/wp-json\/wp\/v2\/types\/post"}],"author":[{"embeddable":true,"href":"https:\/\/senalbamg.org.br\/index.php\/wp-json\/wp\/v2\/users\/6"}],"replies":[{"embeddable":true,"href":"https:\/\/senalbamg.org.br\/index.php\/wp-json\/wp\/v2\/comments?post=3486"}],"version-history":[{"count":2,"href":"https:\/\/senalbamg.org.br\/index.php\/wp-json\/wp\/v2\/posts\/3486\/revisions"}],"predecessor-version":[{"id":3489,"href":"https:\/\/senalbamg.org.br\/index.php\/wp-json\/wp\/v2\/posts\/3486\/revisions\/3489"}],"wp:featuredmedia":[{"embeddable":true,"href":"https:\/\/senalbamg.org.br\/index.php\/wp-json\/wp\/v2\/media\/3487"}],"wp:attachment":[{"href":"https:\/\/senalbamg.org.br\/index.php\/wp-json\/wp\/v2\/media?parent=3486"}],"wp:term":[{"taxonomy":"category","embeddable":true,"href":"https:\/\/senalbamg.org.br\/index.php\/wp-json\/wp\/v2\/categories?post=3486"},{"taxonomy":"post_tag","embeddable":true,"href":"https:\/\/senalbamg.org.br\/index.php\/wp-json\/wp\/v2\/tags?post=3486"}],"curies":[{"name":"wp","href":"https:\/\/api.w.org\/{rel}","templated":true}]}}