{"id":3476,"date":"2026-09-02T13:58:52","date_gmt":"2026-09-02T16:58:52","guid":{"rendered":"https:\/\/senalbamg.org.br\/?p=3476"},"modified":"2026-09-02T14:28:06","modified_gmt":"2026-09-02T17:28:06","slug":"nota-de-esclarecimento-sobre-o-desconto-da-contribuicao-negocial","status":"publish","type":"post","link":"https:\/\/senalbamg.org.br\/index.php\/2026\/09\/02\/nota-de-esclarecimento-sobre-o-desconto-da-contribuicao-negocial\/","title":{"rendered":"Nota de esclarecimento sobre o desconto da contribui\u00e7\u00e3o negocial"},"content":{"rendered":"\n<p class=\"wp-block-paragraph\">Em virtude dos v\u00e1rios e-mails enviados ao sindicato, far-se-\u00e1 necess\u00e1rios alguns esclarecimentos sobre os pedidos de devolu\u00e7\u00e3o e do processo de participa\u00e7\u00e3o nas assembleias ocorridas, que trataram especificamente sobre o tema, vejamos:<br><br>Ocorreram duas assembleias em datas diferentes, que oportunizaram aos trabalhadores, o seu exerc\u00edcio<br>de oposi\u00e7\u00e3o em conformidade com a decis\u00e3o do STF, no julgamento do tema de repercuss\u00e3o geral 935. Para tanto, o sindicato publicou editais e procedeu a ampla divulga\u00e7\u00e3o em suas redes sociais, assim como no site da entidade.<br><br>Excepcionalmente neste ano, foram firmadas duas conven\u00e7\u00f5es coletivas, com o sindicato patronal<br>(SENASOFP) que constam em cada uma delas, a contribui\u00e7\u00e3o negocial. Uma referente ao ano de 2025 e a outra relativa a 2026, que podem ser acessadas no site, na qual possibilitou aos trabalhadores o reajuste salarial e outros benef\u00edcios.<br><br>Para o exercer o direito \u00e0 oposi\u00e7\u00e3o, o trabalhador tem que ter participado das duas assembleias, que<br>ficaram dispon\u00edveis nas datas divulgadas, ou seja, em fevereiro de 2025, tendo in\u00edcio no dia 24\/02 \u00e0s 9:30 horas e encerrando dia 28\/02 \u00e0s 15:00 horas, para a campanha salarial do ano de 2025. Da mesma forma, e com os mesmos crit\u00e9rios, foi realizada outra no m\u00eas de dezembro, com in\u00edcio no dia 15\/12 a 19\/12, nos mesmos hor\u00e1rios para a campanha salarial de 2026. Portanto, se o trabalhador n\u00e3o participou das respectivas assembleias para o exerc\u00edcio do seu direito de oposi\u00e7\u00e3o, ser\u00e1 descontada a contribui\u00e7\u00e3o.<br><br>Lembrando que a assembleia da contribui\u00e7\u00e3o ocorre todos os anos.<br><br>Aos trabalhadores que participaram de alguma das assembleias, mas que, n\u00e3o fizeram a devida<br>observ\u00e2ncia dos crit\u00e9rios de participa\u00e7\u00e3o, incorreram no desconto da contribui\u00e7\u00e3o, e na d\u00favida, podem<br>consultar quais foram os crit\u00e9rios.<br><br>Esclarecemos que uma situa\u00e7\u00e3o \u00e9 o trabalhador s\u00f3cio da entidade sindical, a outra bem diferente, \u00e9 a<br>representa\u00e7\u00e3o legal que tem o sindicato por for\u00e7a da legisla\u00e7\u00e3o, em representar todos os trabalhadores(as) de forma coletiva. Portanto, n\u00e3o h\u00e1 possibilidade do trabalhador, por sua mera vontade, deixar de ser representado pelo sindicato nas categorias de sua representa\u00e7\u00e3o, por for\u00e7a das legisla\u00e7\u00f5es que tratam desta mat\u00e9ria.<br><br>Caso o trabalhador (a) necessite de mais esclarecimentos, sugerimos fazer a leitura da decis\u00e3o do<br>ac\u00f3rd\u00e3o do STF, no tema de repercuss\u00e3o geral 935 e as publica\u00e7\u00f5es do MPT, do CONALIS, para melhor<br>compreens\u00e3o do procedimento da assembleia. E se ainda persistir a d\u00favida, poder\u00e1 propor uma a\u00e7\u00e3o<br>judicial, a fim de requerer o que entender de direito.<br><br>A Dire\u00e7\u00e3o entende que prestou todos os esclarecimentos poss\u00edveis acerca da contribui\u00e7\u00e3o, n\u00e3o restando, no nosso entender, quaisquer outros que se fa\u00e7am necess\u00e1rios.<\/p>\n\n\n\n<p class=\"wp-block-paragraph\"><strong>A DIRE\u00c7\u00c3O COLEGIADA<\/strong><\/p>\n","protected":false},"excerpt":{"rendered":"<p>Em virtude dos v\u00e1rios e-mails enviados ao sindicato, far-se-\u00e1 necess\u00e1rios alguns esclarecimentos sobre os pedidos<\/p>\n","protected":false},"author":6,"featured_media":3477,"comment_status":"open","ping_status":"open","sticky":false,"template":"","format":"standard","meta":{"footnotes":""},"categories":[26],"tags":[68],"class_list":["post-3476","post","type-post","status-publish","format-standard","has-post-thumbnail","hentry","category-assembleias","tag-senalbamg"],"yoast_head":"<!-- This site is optimized with the Yoast SEO plugin v25.1 - https:\/\/yoast.com\/wordpress\/plugins\/seo\/ -->\n<title>Nota de esclarecimento sobre o desconto da contribui\u00e7\u00e3o negocial - SENALBAMG<\/title>\n<meta name=\"robots\" content=\"index, follow, max-snippet:-1, max-image-preview:large, max-video-preview:-1\" \/>\n<link rel=\"canonical\" href=\"https:\/\/senalbamg.org.br\/index.php\/2026\/09\/02\/nota-de-esclarecimento-sobre-o-desconto-da-contribuicao-negocial\/\" \/>\n<meta property=\"og:locale\" content=\"pt_PT\" \/>\n<meta property=\"og:type\" content=\"article\" \/>\n<meta property=\"og:title\" content=\"Nota de esclarecimento sobre o desconto da contribui\u00e7\u00e3o negocial - SENALBAMG\" \/>\n<meta property=\"og:description\" content=\"Em virtude dos v\u00e1rios e-mails enviados ao sindicato, far-se-\u00e1 necess\u00e1rios alguns esclarecimentos sobre os pedidos\" \/>\n<meta property=\"og:url\" content=\"https:\/\/senalbamg.org.br\/index.php\/2026\/09\/02\/nota-de-esclarecimento-sobre-o-desconto-da-contribuicao-negocial\/\" \/>\n<meta property=\"og:site_name\" content=\"SENALBAMG\" \/>\n<meta property=\"article:author\" content=\"https:\/\/www.facebook.com\/manucastelo1\/\" \/>\n<meta property=\"article:published_time\" content=\"2026-09-02T16:58:52+00:00\" \/>\n<meta property=\"article:modified_time\" content=\"2026-09-02T17:28:06+00:00\" \/>\n<meta property=\"og:image\" content=\"https:\/\/senalbamg.org.br\/wp-content\/uploads\/2026\/09\/1.png\" \/>\n\t<meta property=\"og:image:width\" content=\"1080\" \/>\n\t<meta property=\"og:image:height\" content=\"1080\" \/>\n\t<meta property=\"og:image:type\" content=\"image\/png\" \/>\n<meta name=\"author\" content=\"Senalbamg\" \/>\n<meta name=\"twitter:card\" content=\"summary_large_image\" \/>\n<meta name=\"twitter:creator\" content=\"@manucastelo\" \/>\n<meta name=\"twitter:label1\" content=\"Escrito por\" \/>\n\t<meta name=\"twitter:data1\" content=\"Senalbamg\" \/>\n\t<meta name=\"twitter:label2\" content=\"Tempo estimado de leitura\" \/>\n\t<meta name=\"twitter:data2\" content=\"3 minutos\" \/>\n<script type=\"application\/ld+json\" class=\"yoast-schema-graph\">{\"@context\":\"https:\/\/schema.org\",\"@graph\":[{\"@type\":\"Article\",\"@id\":\"https:\/\/senalbamg.org.br\/index.php\/2026\/09\/02\/nota-de-esclarecimento-sobre-o-desconto-da-contribuicao-negocial\/#article\",\"isPartOf\":{\"@id\":\"https:\/\/senalbamg.org.br\/index.php\/2026\/09\/02\/nota-de-esclarecimento-sobre-o-desconto-da-contribuicao-negocial\/\"},\"author\":{\"name\":\"Senalbamg\",\"@id\":\"https:\/\/senalbamg.org.br\/#\/schema\/person\/a1182b231037888a45ea6853e70d3ba0\"},\"headline\":\"Nota de esclarecimento sobre o desconto da contribui\u00e7\u00e3o negocial\",\"datePublished\":\"2026-09-02T16:58:52+00:00\",\"dateModified\":\"2026-09-02T17:28:06+00:00\",\"mainEntityOfPage\":{\"@id\":\"https:\/\/senalbamg.org.br\/index.php\/2026\/09\/02\/nota-de-esclarecimento-sobre-o-desconto-da-contribuicao-negocial\/\"},\"wordCount\":471,\"commentCount\":0,\"publisher\":{\"@id\":\"https:\/\/senalbamg.org.br\/#organization\"},\"image\":{\"@id\":\"https:\/\/senalbamg.org.br\/index.php\/2026\/09\/02\/nota-de-esclarecimento-sobre-o-desconto-da-contribuicao-negocial\/#primaryimage\"},\"thumbnailUrl\":\"https:\/\/senalbamg.org.br\/wp-content\/uploads\/2026\/09\/1.png\",\"keywords\":[\"SenalbaMG\"],\"articleSection\":[\"Assembleias\"],\"inLanguage\":\"pt-PT\",\"potentialAction\":[{\"@type\":\"CommentAction\",\"name\":\"Comment\",\"target\":[\"https:\/\/senalbamg.org.br\/index.php\/2026\/09\/02\/nota-de-esclarecimento-sobre-o-desconto-da-contribuicao-negocial\/#respond\"]}]},{\"@type\":\"WebPage\",\"@id\":\"https:\/\/senalbamg.org.br\/index.php\/2026\/09\/02\/nota-de-esclarecimento-sobre-o-desconto-da-contribuicao-negocial\/\",\"url\":\"https:\/\/senalbamg.org.br\/index.php\/2026\/09\/02\/nota-de-esclarecimento-sobre-o-desconto-da-contribuicao-negocial\/\",\"name\":\"Nota de esclarecimento sobre o desconto da contribui\u00e7\u00e3o negocial - SENALBAMG\",\"isPartOf\":{\"@id\":\"https:\/\/senalbamg.org.br\/#website\"},\"primaryImageOfPage\":{\"@id\":\"https:\/\/senalbamg.org.br\/index.php\/2026\/09\/02\/nota-de-esclarecimento-sobre-o-desconto-da-contribuicao-negocial\/#primaryimage\"},\"image\":{\"@id\":\"https:\/\/senalbamg.org.br\/index.php\/2026\/09\/02\/nota-de-esclarecimento-sobre-o-desconto-da-contribuicao-negocial\/#primaryimage\"},\"thumbnailUrl\":\"https:\/\/senalbamg.org.br\/wp-content\/uploads\/2026\/09\/1.png\",\"datePublished\":\"2026-09-02T16:58:52+00:00\",\"dateModified\":\"2026-09-02T17:28:06+00:00\",\"breadcrumb\":{\"@id\":\"https:\/\/senalbamg.org.br\/index.php\/2026\/09\/02\/nota-de-esclarecimento-sobre-o-desconto-da-contribuicao-negocial\/#breadcrumb\"},\"inLanguage\":\"pt-PT\",\"potentialAction\":[{\"@type\":\"ReadAction\",\"target\":[\"https:\/\/senalbamg.org.br\/index.php\/2026\/09\/02\/nota-de-esclarecimento-sobre-o-desconto-da-contribuicao-negocial\/\"]}]},{\"@type\":\"ImageObject\",\"inLanguage\":\"pt-PT\",\"@id\":\"https:\/\/senalbamg.org.br\/index.php\/2026\/09\/02\/nota-de-esclarecimento-sobre-o-desconto-da-contribuicao-negocial\/#primaryimage\",\"url\":\"https:\/\/senalbamg.org.br\/wp-content\/uploads\/2026\/09\/1.png\",\"contentUrl\":\"https:\/\/senalbamg.org.br\/wp-content\/uploads\/2026\/09\/1.png\",\"width\":1080,\"height\":1080},{\"@type\":\"BreadcrumbList\",\"@id\":\"https:\/\/senalbamg.org.br\/index.php\/2026\/09\/02\/nota-de-esclarecimento-sobre-o-desconto-da-contribuicao-negocial\/#breadcrumb\",\"itemListElement\":[{\"@type\":\"ListItem\",\"position\":1,\"name\":\"In\u00edcio\",\"item\":\"https:\/\/senalbamg.org.br\/\"},{\"@type\":\"ListItem\",\"position\":2,\"name\":\"Nota de esclarecimento sobre o desconto da contribui\u00e7\u00e3o negocial\"}]},{\"@type\":\"WebSite\",\"@id\":\"https:\/\/senalbamg.org.br\/#website\",\"url\":\"https:\/\/senalbamg.org.br\/\",\"name\":\"SENALBAMG\",\"description\":\"Fortale\u00e7a seu sindicato!\",\"publisher\":{\"@id\":\"https:\/\/senalbamg.org.br\/#organization\"},\"potentialAction\":[{\"@type\":\"SearchAction\",\"target\":{\"@type\":\"EntryPoint\",\"urlTemplate\":\"https:\/\/senalbamg.org.br\/?s={search_term_string}\"},\"query-input\":{\"@type\":\"PropertyValueSpecification\",\"valueRequired\":true,\"valueName\":\"search_term_string\"}}],\"inLanguage\":\"pt-PT\"},{\"@type\":\"Organization\",\"@id\":\"https:\/\/senalbamg.org.br\/#organization\",\"name\":\"SENALBAMG\",\"url\":\"https:\/\/senalbamg.org.br\/\",\"logo\":{\"@type\":\"ImageObject\",\"inLanguage\":\"pt-PT\",\"@id\":\"https:\/\/senalbamg.org.br\/#\/schema\/logo\/image\/\",\"url\":\"https:\/\/senalbamg.org.br\/wp-content\/uploads\/2025\/05\/Black-White-Letter-MD-Logo-Instagram-Post-Copia-1.jpg\",\"contentUrl\":\"https:\/\/senalbamg.org.br\/wp-content\/uploads\/2025\/05\/Black-White-Letter-MD-Logo-Instagram-Post-Copia-1.jpg\",\"width\":1080,\"height\":504,\"caption\":\"SENALBAMG\"},\"image\":{\"@id\":\"https:\/\/senalbamg.org.br\/#\/schema\/logo\/image\/\"}},{\"@type\":\"Person\",\"@id\":\"https:\/\/senalbamg.org.br\/#\/schema\/person\/a1182b231037888a45ea6853e70d3ba0\",\"name\":\"Senalbamg\",\"image\":{\"@type\":\"ImageObject\",\"inLanguage\":\"pt-PT\",\"@id\":\"https:\/\/senalbamg.org.br\/#\/schema\/person\/image\/\",\"url\":\"https:\/\/secure.gravatar.com\/avatar\/b03df12ad1668e9441e8303782bc9e63c63c07de35381ddc9ad9105ea877da7f?s=96&d=mm&r=g\",\"contentUrl\":\"https:\/\/secure.gravatar.com\/avatar\/b03df12ad1668e9441e8303782bc9e63c63c07de35381ddc9ad9105ea877da7f?s=96&d=mm&r=g\",\"caption\":\"Senalbamg\"},\"description\":\"O Senalba-MG \u00e9 o sindicato que representa os trabalhadores do Sistema S em Minas Gerais \u2014 Sesi, Senai, Sesc, Senac, Sescoop, Sest, Senat e Senar. Tamb\u00e9m atuamos na defesa dos trabalhadores da Assist\u00eancia Social, abrangendo entidades sem fins lucrativos, associa\u00e7\u00f5es, funda\u00e7\u00f5es, creches, ONGs, OSs, OSCIPs. Nossa base inclui ainda os profissionais dos cursos livres, como os de idiomas, inform\u00e1tica e capacita\u00e7\u00e3o profissional.\",\"sameAs\":[\"https:\/\/senalbamg.org.br\/\",\"https:\/\/www.facebook.com\/manucastelo1\/\",\"https:\/\/www.instagram.com\/manucastelo\/?hl=pt-br\",\"https:\/\/www.linkedin.com\/in\/manucastelo\/\",\"https:\/\/br.pinterest.com\/manucastelo\/\",\"https:\/\/x.com\/manucastelo\",\"https:\/\/www.youtube.com\/@manucastelo1\"],\"url\":\"https:\/\/senalbamg.org.br\/index.php\/author\/manus\/\"}]}<\/script>\n<!-- \/ Yoast SEO plugin. -->","yoast_head_json":{"title":"Nota de esclarecimento sobre o desconto da contribui\u00e7\u00e3o negocial - SENALBAMG","robots":{"index":"index","follow":"follow","max-snippet":"max-snippet:-1","max-image-preview":"max-image-preview:large","max-video-preview":"max-video-preview:-1"},"canonical":"https:\/\/senalbamg.org.br\/index.php\/2026\/09\/02\/nota-de-esclarecimento-sobre-o-desconto-da-contribuicao-negocial\/","og_locale":"pt_PT","og_type":"article","og_title":"Nota de esclarecimento sobre o desconto da contribui\u00e7\u00e3o negocial - SENALBAMG","og_description":"Em virtude dos v\u00e1rios e-mails enviados ao sindicato, far-se-\u00e1 necess\u00e1rios alguns esclarecimentos sobre os pedidos","og_url":"https:\/\/senalbamg.org.br\/index.php\/2026\/09\/02\/nota-de-esclarecimento-sobre-o-desconto-da-contribuicao-negocial\/","og_site_name":"SENALBAMG","article_author":"https:\/\/www.facebook.com\/manucastelo1\/","article_published_time":"2026-09-02T16:58:52+00:00","article_modified_time":"2026-09-02T17:28:06+00:00","og_image":[{"width":1080,"height":1080,"url":"https:\/\/senalbamg.org.br\/wp-content\/uploads\/2026\/09\/1.png","type":"image\/png"}],"author":"Senalbamg","twitter_card":"summary_large_image","twitter_creator":"@manucastelo","twitter_misc":{"Escrito por":"Senalbamg","Tempo estimado de leitura":"3 minutos"},"schema":{"@context":"https:\/\/schema.org","@graph":[{"@type":"Article","@id":"https:\/\/senalbamg.org.br\/index.php\/2026\/09\/02\/nota-de-esclarecimento-sobre-o-desconto-da-contribuicao-negocial\/#article","isPartOf":{"@id":"https:\/\/senalbamg.org.br\/index.php\/2026\/09\/02\/nota-de-esclarecimento-sobre-o-desconto-da-contribuicao-negocial\/"},"author":{"name":"Senalbamg","@id":"https:\/\/senalbamg.org.br\/#\/schema\/person\/a1182b231037888a45ea6853e70d3ba0"},"headline":"Nota de esclarecimento sobre o desconto da contribui\u00e7\u00e3o negocial","datePublished":"2026-09-02T16:58:52+00:00","dateModified":"2026-09-02T17:28:06+00:00","mainEntityOfPage":{"@id":"https:\/\/senalbamg.org.br\/index.php\/2026\/09\/02\/nota-de-esclarecimento-sobre-o-desconto-da-contribuicao-negocial\/"},"wordCount":471,"commentCount":0,"publisher":{"@id":"https:\/\/senalbamg.org.br\/#organization"},"image":{"@id":"https:\/\/senalbamg.org.br\/index.php\/2026\/09\/02\/nota-de-esclarecimento-sobre-o-desconto-da-contribuicao-negocial\/#primaryimage"},"thumbnailUrl":"https:\/\/senalbamg.org.br\/wp-content\/uploads\/2026\/09\/1.png","keywords":["SenalbaMG"],"articleSection":["Assembleias"],"inLanguage":"pt-PT","potentialAction":[{"@type":"CommentAction","name":"Comment","target":["https:\/\/senalbamg.org.br\/index.php\/2026\/09\/02\/nota-de-esclarecimento-sobre-o-desconto-da-contribuicao-negocial\/#respond"]}]},{"@type":"WebPage","@id":"https:\/\/senalbamg.org.br\/index.php\/2026\/09\/02\/nota-de-esclarecimento-sobre-o-desconto-da-contribuicao-negocial\/","url":"https:\/\/senalbamg.org.br\/index.php\/2026\/09\/02\/nota-de-esclarecimento-sobre-o-desconto-da-contribuicao-negocial\/","name":"Nota de esclarecimento sobre o desconto da contribui\u00e7\u00e3o negocial - SENALBAMG","isPartOf":{"@id":"https:\/\/senalbamg.org.br\/#website"},"primaryImageOfPage":{"@id":"https:\/\/senalbamg.org.br\/index.php\/2026\/09\/02\/nota-de-esclarecimento-sobre-o-desconto-da-contribuicao-negocial\/#primaryimage"},"image":{"@id":"https:\/\/senalbamg.org.br\/index.php\/2026\/09\/02\/nota-de-esclarecimento-sobre-o-desconto-da-contribuicao-negocial\/#primaryimage"},"thumbnailUrl":"https:\/\/senalbamg.org.br\/wp-content\/uploads\/2026\/09\/1.png","datePublished":"2026-09-02T16:58:52+00:00","dateModified":"2026-09-02T17:28:06+00:00","breadcrumb":{"@id":"https:\/\/senalbamg.org.br\/index.php\/2026\/09\/02\/nota-de-esclarecimento-sobre-o-desconto-da-contribuicao-negocial\/#breadcrumb"},"inLanguage":"pt-PT","potentialAction":[{"@type":"ReadAction","target":["https:\/\/senalbamg.org.br\/index.php\/2026\/09\/02\/nota-de-esclarecimento-sobre-o-desconto-da-contribuicao-negocial\/"]}]},{"@type":"ImageObject","inLanguage":"pt-PT","@id":"https:\/\/senalbamg.org.br\/index.php\/2026\/09\/02\/nota-de-esclarecimento-sobre-o-desconto-da-contribuicao-negocial\/#primaryimage","url":"https:\/\/senalbamg.org.br\/wp-content\/uploads\/2026\/09\/1.png","contentUrl":"https:\/\/senalbamg.org.br\/wp-content\/uploads\/2026\/09\/1.png","width":1080,"height":1080},{"@type":"BreadcrumbList","@id":"https:\/\/senalbamg.org.br\/index.php\/2026\/09\/02\/nota-de-esclarecimento-sobre-o-desconto-da-contribuicao-negocial\/#breadcrumb","itemListElement":[{"@type":"ListItem","position":1,"name":"In\u00edcio","item":"https:\/\/senalbamg.org.br\/"},{"@type":"ListItem","position":2,"name":"Nota de esclarecimento sobre o desconto da contribui\u00e7\u00e3o negocial"}]},{"@type":"WebSite","@id":"https:\/\/senalbamg.org.br\/#website","url":"https:\/\/senalbamg.org.br\/","name":"SENALBAMG","description":"Fortale\u00e7a seu sindicato!","publisher":{"@id":"https:\/\/senalbamg.org.br\/#organization"},"potentialAction":[{"@type":"SearchAction","target":{"@type":"EntryPoint","urlTemplate":"https:\/\/senalbamg.org.br\/?s={search_term_string}"},"query-input":{"@type":"PropertyValueSpecification","valueRequired":true,"valueName":"search_term_string"}}],"inLanguage":"pt-PT"},{"@type":"Organization","@id":"https:\/\/senalbamg.org.br\/#organization","name":"SENALBAMG","url":"https:\/\/senalbamg.org.br\/","logo":{"@type":"ImageObject","inLanguage":"pt-PT","@id":"https:\/\/senalbamg.org.br\/#\/schema\/logo\/image\/","url":"https:\/\/senalbamg.org.br\/wp-content\/uploads\/2025\/05\/Black-White-Letter-MD-Logo-Instagram-Post-Copia-1.jpg","contentUrl":"https:\/\/senalbamg.org.br\/wp-content\/uploads\/2025\/05\/Black-White-Letter-MD-Logo-Instagram-Post-Copia-1.jpg","width":1080,"height":504,"caption":"SENALBAMG"},"image":{"@id":"https:\/\/senalbamg.org.br\/#\/schema\/logo\/image\/"}},{"@type":"Person","@id":"https:\/\/senalbamg.org.br\/#\/schema\/person\/a1182b231037888a45ea6853e70d3ba0","name":"Senalbamg","image":{"@type":"ImageObject","inLanguage":"pt-PT","@id":"https:\/\/senalbamg.org.br\/#\/schema\/person\/image\/","url":"https:\/\/secure.gravatar.com\/avatar\/b03df12ad1668e9441e8303782bc9e63c63c07de35381ddc9ad9105ea877da7f?s=96&d=mm&r=g","contentUrl":"https:\/\/secure.gravatar.com\/avatar\/b03df12ad1668e9441e8303782bc9e63c63c07de35381ddc9ad9105ea877da7f?s=96&d=mm&r=g","caption":"Senalbamg"},"description":"O Senalba-MG \u00e9 o sindicato que representa os trabalhadores do Sistema S em Minas Gerais \u2014 Sesi, Senai, Sesc, Senac, Sescoop, Sest, Senat e Senar. Tamb\u00e9m atuamos na defesa dos trabalhadores da Assist\u00eancia Social, abrangendo entidades sem fins lucrativos, associa\u00e7\u00f5es, funda\u00e7\u00f5es, creches, ONGs, OSs, OSCIPs. Nossa base inclui ainda os profissionais dos cursos livres, como os de idiomas, inform\u00e1tica e capacita\u00e7\u00e3o profissional.","sameAs":["https:\/\/senalbamg.org.br\/","https:\/\/www.facebook.com\/manucastelo1\/","https:\/\/www.instagram.com\/manucastelo\/?hl=pt-br","https:\/\/www.linkedin.com\/in\/manucastelo\/","https:\/\/br.pinterest.com\/manucastelo\/","https:\/\/x.com\/manucastelo","https:\/\/www.youtube.com\/@manucastelo1"],"url":"https:\/\/senalbamg.org.br\/index.php\/author\/manus\/"}]}},"_links":{"self":[{"href":"https:\/\/senalbamg.org.br\/index.php\/wp-json\/wp\/v2\/posts\/3476","targetHints":{"allow":["GET"]}}],"collection":[{"href":"https:\/\/senalbamg.org.br\/index.php\/wp-json\/wp\/v2\/posts"}],"about":[{"href":"https:\/\/senalbamg.org.br\/index.php\/wp-json\/wp\/v2\/types\/post"}],"author":[{"embeddable":true,"href":"https:\/\/senalbamg.org.br\/index.php\/wp-json\/wp\/v2\/users\/6"}],"replies":[{"embeddable":true,"href":"https:\/\/senalbamg.org.br\/index.php\/wp-json\/wp\/v2\/comments?post=3476"}],"version-history":[{"count":1,"href":"https:\/\/senalbamg.org.br\/index.php\/wp-json\/wp\/v2\/posts\/3476\/revisions"}],"predecessor-version":[{"id":3478,"href":"https:\/\/senalbamg.org.br\/index.php\/wp-json\/wp\/v2\/posts\/3476\/revisions\/3478"}],"wp:featuredmedia":[{"embeddable":true,"href":"https:\/\/senalbamg.org.br\/index.php\/wp-json\/wp\/v2\/media\/3477"}],"wp:attachment":[{"href":"https:\/\/senalbamg.org.br\/index.php\/wp-json\/wp\/v2\/media?parent=3476"}],"wp:term":[{"taxonomy":"category","embeddable":true,"href":"https:\/\/senalbamg.org.br\/index.php\/wp-json\/wp\/v2\/categories?post=3476"},{"taxonomy":"post_tag","embeddable":true,"href":"https:\/\/senalbamg.org.br\/index.php\/wp-json\/wp\/v2\/tags?post=3476"}],"curies":[{"name":"wp","href":"https:\/\/api.w.org\/{rel}","templated":true}]}}