{"id":3472,"date":"2026-09-01T15:01:10","date_gmt":"2026-09-01T18:01:10","guid":{"rendered":"https:\/\/senalbamg.org.br\/?p=3472"},"modified":"2026-09-01T15:01:47","modified_gmt":"2026-09-01T18:01:47","slug":"flavio-bolsonaro-contra-o-trabalhador-cercado-de-contradicoes-e-cada-vez-mais-parecido-com-o-pai","status":"publish","type":"post","link":"https:\/\/senalbamg.org.br\/index.php\/2026\/09\/01\/flavio-bolsonaro-contra-o-trabalhador-cercado-de-contradicoes-e-cada-vez-mais-parecido-com-o-pai\/","title":{"rendered":"Fl\u00e1vio Bolsonaro: contra o trabalhador, cercado de contradi\u00e7\u00f5es e cada vez mais parecido com o pai"},"content":{"rendered":"\n<!DOCTYPE html>\n<html lang=\"pt-BR\">\n<head>\n<meta charset=\"UTF-8\">\n<meta name=\"viewport\" content=\"width=device-width, initial-scale=1.0\">\n<title>A cola na m\u00e3o: quem \u00e9 Fl\u00e1vio Bolsonaro<\/title>\n<style>\n  @import url('https:\/\/fonts.googleapis.com\/css2?family=Source+Serif+4:ital,opsz,wght@0,8..60,400;0,8..60,600;0,8..60,700;1,8..60,400&family=Barlow+Condensed:wght@500;600;700&display=swap');\n\n  :root{\n    --paper:#eeece4;\n    --ink:#1c1a17;\n    --ink-soft:#48443d;\n    --rule:#c9c3b3;\n    --red:#8a2b2b;\n    --red-soft:#b5473f;\n    --box-bg:#f6f4ec;\n  }\n\n  *{box-sizing:border-box;}\n\n  body{\n    margin:0;\n    background:var(--paper);\n    color:var(--ink);\n    font-family:'Source Serif 4', Georgia, serif;\n    line-height:1.65;\n  }\n\n  .masthead{\n    width:60%;\n    min-width:320px;\n    margin:0 auto;\n    padding:56px 24px 28px;\n    border-bottom:3px solid var(--ink);\n  }\n\n  .kicker{\n    font-family:'Barlow Condensed', sans-serif;\n    font-weight:600;\n    font-size:14px;\n    letter-spacing:0.06em;\n    color:var(--red);\n    margin:0 0 14px;\n  }\n\n  h1{\n    font-family:'Source Serif 4', Georgia, serif;\n    font-weight:700;\n    font-size:clamp(30px, 5vw, 46px);\n    line-height:1.12;\n    margin:0 0 18px;\n    letter-spacing:-0.01em;\n  }\n\n  .dek{\n    font-size:19px;\n    color:var(--ink-soft);\n    font-style:italic;\n    margin:0;\n    max-width:60ch;\n  }\n\n  .byline{\n    font-family:'Barlow Condensed', sans-serif;\n    font-size:14px;\n    color:var(--ink-soft);\n    margin-top:22px;\n    padding-top:16px;\n    border-top:1px solid var(--rule);\n  }\n\n  main{\n    width:60%;\n    min-width:320px;\n    margin:0 auto;\n    padding:0 24px 80px;\n  }\n\n  figure{\n    margin:36px 0 40px;\n  }\n\n  .hero-photo{\n    width:100%;\n    aspect-ratio:16\/9;\n    object-fit:cover;\n    display:block;\n    margin:0 auto;\n    border:1px solid var(--ink);\n  }\n\n  figcaption{\n    font-family:'Barlow Condensed', sans-serif;\n    font-size:13px;\n    color:var(--ink-soft);\n    text-align:center;\n    margin-top:10px;\n    letter-spacing:0.01em;\n  }\n\n  .lede{\n    font-size:20px;\n    line-height:1.6;\n    margin:34px 0;\n  }\n\n  p{\n    font-size:18px;\n    margin:0 0 20px;\n  }\n\n  .box{\n    background:var(--box-bg);\n    border:1px solid var(--rule);\n    border-left:4px solid var(--red);\n    padding:32px 32px 8px;\n    margin:44px 0;\n    border-radius:2px;\n  }\n\n  .box h2{\n    font-family:'Barlow Condensed', sans-serif;\n    font-weight:700;\n    font-size:22px;\n    letter-spacing:0.01em;\n    color:var(--red);\n    margin:0 0 18px;\n    text-transform:none;\n  }\n\n  .box p:last-of-type{\n    margin-bottom:28px;\n  }\n\n  .pull-quote{\n    font-family:'Source Serif 4', Georgia, serif;\n    font-style:italic;\n    font-size:24px;\n    line-height:1.45;\n    color:var(--ink);\n    border-top:1px solid var(--ink);\n    border-bottom:1px solid var(--ink);\n    padding:22px 4px;\n    margin:40px 0;\n  }\n\n  .chart-figure{\n    background:var(--box-bg);\n    border:1px solid var(--rule);\n    padding:18px 18px 14px;\n    margin:32px 0;\n  }\n\n  .chart-figure img{\n    width:100%;\n    display:block;\n    border:1px solid var(--rule);\n  }\n\n  .chart-note{\n    font-family:'Barlow Condensed', sans-serif;\n    font-size:14px;\n    color:var(--red);\n    letter-spacing:0.02em;\n    margin:0 0 12px;\n  }\n\n  .chart-credit{\n    font-family:'Barlow Condensed', sans-serif;\n    font-size:12.5px;\n    color:var(--ink-soft);\n    margin-top:10px;\n  }\n\n  .closer{\n    margin-top:52px;\n    padding-top:28px;\n    border-top:3px solid var(--ink);\n  }\n\n  .closer p{\n    margin-bottom:10px;\n  }\n\n  .final-line{\n    font-size:19px;\n    font-style:italic;\n    margin-top:26px;\n  }\n\n  @media (max-width: 900px){\n    .masthead, main{width:90%; min-width:0;}\n  }\n\n  @media (max-width: 560px){\n    p, .box{font-size:17px;}\n    .box{padding:24px 20px 6px;}\n  }\n<\/style>\n<\/head>\n<body>\n\n<header class=\"masthead\">\n  <p class=\"kicker\">Opini\u00e3o \u00b7 Elei\u00e7\u00f5es 2026<\/p>\n  <h1>Mudan\u00e7a, futuro, 7\/set: a cola que resume Fl\u00e1vio Bolsonaro<\/h1>\n  <p class=\"dek\">Entre a escala 6&#215;1, o Banco Master e a sabatina no Jornal Nacional, o senador tenta se vender como novidade \u2014 mas at\u00e9 o gesto de colar a resposta na m\u00e3o ele copiou do pai.<\/p>\n  <p class=\"byline\">1\u00ba de setembro de 2026<\/p>\n<\/header>\n\n<main>\n\n  <figure>\n    <img decoding=\"async\" class=\"hero-photo\" src=\"https:\/\/senalbamg.org.br\/wp-content\/uploads\/2026\/09\/1_afp-20260816-c4t888d-v1-highres-brazilelectioncampaign-67433653.jpg\" alt=\"Fl\u00e1vio Bolsonaro durante ato de campanha presidencial\">\n    <figcaption>Fl\u00e1vio Bolsonaro em ato de campanha presidencial. Foto: AFP<\/figcaption>\n  <\/figure>\n\n  <p class=\"lede\">Fl\u00e1vio Bolsonaro decidiu interromper parte de sua agenda de campanha nesta ter\u00e7a-feira para permanecer em Bras\u00edlia e acompanhar as articula\u00e7\u00f5es contra o fim da escala 6&#215;1. N\u00e3o \u00e9 pouca coisa. Em plena campanha presidencial, quando deveria estar apresentando propostas para melhorar a vida dos brasileiros, Fl\u00e1vio escolhe concentrar seus esfor\u00e7os em tentar impedir uma mudan\u00e7a que pode significar mais descanso, mais conviv\u00eancia familiar e mais qualidade de vida para milh\u00f5es de trabalhadores.<\/p>\n\n  <p>E n\u00e3o \u00e9 por acaso. O fim da escala 6&#215;1 \u00e9 uma das principais bandeiras do governo Lula, e Fl\u00e1vio sabe disso. Sua alternativa \u00e9 defender que trabalhador e patr\u00e3o negociem a jornada e que a remunera\u00e7\u00e3o seja vinculada \u00e0s horas trabalhadas. Na pr\u00e1tica, vende como &#8220;liberdade&#8221; aquilo que pode ampliar a desigualdade na negocia\u00e7\u00e3o entre quem precisa do sal\u00e1rio para sobreviver e quem controla o emprego.<\/p>\n\n  <p>\u00c9 muito f\u00e1cil falar em &#8220;liberdade de negocia\u00e7\u00e3o&#8221; quando n\u00e3o se est\u00e1 na posi\u00e7\u00e3o de quem precisa enfrentar o chefe para pedir melhores condi\u00e7\u00f5es. O trabalhador n\u00e3o negocia em igualdade de condi\u00e7\u00f5es com o empres\u00e1rio quando depende daquele emprego para pagar aluguel, comida e contas. E \u00e9 justamente por isso que direitos trabalhistas existem: porque, historicamente, deixar tudo na conta da negocia\u00e7\u00e3o individual significou deixar o lado mais fraco \u00e0 merc\u00ea do lado mais forte.<\/p>\n\n  <p>Mas, se algu\u00e9m ainda tinha d\u00favidas sobre quem \u00e9 Fl\u00e1vio Bolsonaro e a quem ele pretende governar, bastava assistir \u00e0 sua sabatina no Jornal Nacional.<\/p>\n\n  <div class=\"box\">\n    <h2>O Banco Master e as respostas que n\u00e3o fecham<\/h2>\n    <p>Questionado sobre Daniel Vorcaro e os recursos destinados ao filme Dark Horse, Fl\u00e1vio tentou apresentar a hist\u00f3ria como uma simples rela\u00e7\u00e3o privada e afirmou que os detalhes do contrato j\u00e1 haviam sido apresentados. O problema \u00e9 que essa afirma\u00e7\u00e3o foi classificada como falsa pela Ag\u00eancia Lupa: a per\u00edcia apresentada pela produtora n\u00e3o anexou os documentos que comprovariam a origem dos recursos e n\u00e3o esclareceu a proced\u00eancia de milh\u00f5es de reais utilizados no Brasil.<\/p>\n\n    <p>E a hist\u00f3ria fica ainda mais complicada porque n\u00e3o estamos falando de um desconhecido que apareceu do nada para financiar um filme. Documentos e mensagens revelados pelo Intercept mostraram que Fl\u00e1vio participou diretamente das tratativas com Vorcaro, pedindo e cobrando recursos para a produ\u00e7\u00e3o. Pelo menos US$ 10,6 milh\u00f5es, cerca de R$ 61 milh\u00f5es \u00e0 \u00e9poca, haviam sido pagos entre fevereiro e maio de 2025.<\/p>\n\n    <p>Na sabatina feita pela Rede Globo, Fl\u00e1vio tamb\u00e9m afirmou que n\u00e3o houve contrapartida pelo fato de ser senador. N\u00e3o h\u00e1, at\u00e9 o momento, prova apresentada de que ele tenha oferecido uma contrapartida espec\u00edfica a Vorcaro em troca dos pagamentos. Mas isso n\u00e3o elimina o problema pol\u00edtico: o banqueiro \u00e9 investigado em um esquema no qual, segundo as investiga\u00e7\u00f5es, pagamentos e vantagens teriam sido oferecidos a pol\u00edticos em busca de favores.<\/p>\n\n    <p>E ent\u00e3o vem a pergunta que Fl\u00e1vio continua evitando: se est\u00e1 tudo explicado, por que tanta dificuldade para apresentar os documentos?<\/p>\n\n    <p>Porque a hist\u00f3ria que ele conta n\u00e3o consegue acompanhar os documentos que aparecem.<\/p>\n\n    <p>E hoje, 1\u00ba de setembro, surgiu mais um cap\u00edtulo. Novos dados revelados pela revista piau\u00ed apontam para mais repasses de Vorcaro relacionados ao filme, incluindo uma nova parcela de aproximadamente US$ 1,66 milh\u00e3o. A informa\u00e7\u00e3o contradiz a vers\u00e3o de que os pagamentos teriam terminado em maio de 2025. Segundo os novos registros, houve movimenta\u00e7\u00f5es posteriores, inclusive em setembro e outubro. O total apontado chega a US$ 12,3 milh\u00f5es, acima dos valores que Fl\u00e1vio havia admitido anteriormente.<\/p>\n  <\/div>\n\n  <figure class=\"chart-figure\">\n    <p class=\"chart-note\">\u21b3 referente aos novos dados da revista piau\u00ed citados acima<\/p>\n    <img decoding=\"async\" src=\"https:\/\/senalbamg.org.br\/wp-content\/uploads\/2026\/09\/HRIMJAdWIAAC3ZX-scaled.jpg\" alt=\"Gr\u00e1fico com os repasses de Daniel Vorcaro relacionados ao filme Dark Horse\">\n    <figcaption>Levantamento dos repasses de Daniel Vorcaro relacionados ao filme Dark Horse.<\/figcaption>\n    <p class=\"chart-credit\">Cr\u00e9dito: [confirme a fonte original do gr\u00e1fico \u2014 n\u00e3o consegui verific\u00e1-la a partir do link enviado]<\/p>\n  <\/figure>\n\n  <div class=\"box\">\n    <p>E qual foi a resposta de Fl\u00e1vio? Novamente, ele tentou terceirizar a explica\u00e7\u00e3o. Disse que n\u00e3o tinha como responder e que era preciso perguntar \u00e0 produtora. Isso seria mais convincente se n\u00e3o fosse o pr\u00f3prio Fl\u00e1vio quem aparece nas mensagens negociando os repasses com Vorcaro.<\/p>\n\n    <p class=\"pull-quote\">Quem pede o dinheiro n\u00e3o pode simplesmente desaparecer quando chega a hora de explicar para onde ele foi.<\/p>\n  <\/div>\n\n  <div class=\"box\">\n    <h2>A CPI que Fl\u00e1vio usa como escudo<\/h2>\n    <p>Fl\u00e1vio tamb\u00e9m gosta de repetir que foi um dos respons\u00e1veis pela cria\u00e7\u00e3o da CPI do Banco Master. S\u00f3 que, mais uma vez, a hist\u00f3ria contada por ele precisa de uma boa dose de contexto.<\/p>\n\n    <p>Dos cinco requerimentos apresentados no Senado para investigar o caso, Fl\u00e1vio n\u00e3o assinou tr\u00eas. Ele assinou apenas os pedidos apresentados por Carlos Jordy e Carlos Viana. E mais: as assinaturas ocorreram depois que vieram a p\u00fablico os \u00e1udios que revelaram suas conversas com Vorcaro, em maio de 2026.<\/p>\n\n    <p>Ou seja: quando Fl\u00e1vio diz que &#8220;pedia muito&#8221; pela CPI, ele transforma uma participa\u00e7\u00e3o parcial em uma atua\u00e7\u00e3o muito maior do que efetivamente teve. Ele assinou o que lhe convinha e agora tenta usar a pr\u00f3pria CPI como certificado de independ\u00eancia. Mas uma assinatura seletiva n\u00e3o apaga o que os documentos revelaram.<\/p>\n  <\/div>\n\n  <div class=\"box\">\n    <h2>E enquanto isso, Fl\u00e1vio admira Bukele<\/h2>\n    <p>Como se n\u00e3o bastassem as contradi\u00e7\u00f5es na economia, no trabalho e na democracia, Fl\u00e1vio tamb\u00e9m apresenta ao brasileiro o modelo que pretende importar para a seguran\u00e7a p\u00fablica: o de Nayib Bukele, de El Salvador.<\/p>\n\n    <p>Fl\u00e1vio j\u00e1 declarou que pretende trazer o &#8220;m\u00e9todo Bukele&#8221; para o Brasil e defendeu uma pol\u00edtica de encarceramento muito mais dura. Seu plano de governo prev\u00ea, inclusive, um modelo prisional inspirado em El Salvador. S\u00f3 que talvez esteja faltando ao senador uma coisa b\u00e1sica: estudar a Constitui\u00e7\u00e3o brasileira antes de prometer copiar pol\u00edticas de outro pa\u00eds.<\/p>\n\n    <p>O modelo de Bukele n\u00e3o se resume a construir pres\u00eddios. El Salvador vive desde 2022 sob um estado de exce\u00e7\u00e3o que suspendeu garantias processuais, enquanto organiza\u00e7\u00f5es de direitos humanos documentaram deten\u00e7\u00f5es arbitr\u00e1rias em massa, desaparecimentos for\u00e7ados, tortura e viola\u00e7\u00f5es do devido processo. Em 2025, aliados de Bukele ainda aprovaram mudan\u00e7as que permitiram a reelei\u00e7\u00e3o presidencial indefinida.<\/p>\n\n    <p>No Brasil, a Constitui\u00e7\u00e3o garante devido processo legal, contradit\u00f3rio, ampla defesa, presun\u00e7\u00e3o de inoc\u00eancia e integridade f\u00edsica e moral das pessoas presas. N\u00e3o \u00e9 quest\u00e3o de &#8220;ser bonzinho com bandido&#8221;. \u00c9 quest\u00e3o de entender que Estado forte n\u00e3o \u00e9 Estado sem limites.<\/p>\n\n    <p>E h\u00e1 outra diferen\u00e7a que Fl\u00e1vio parece convenientemente esquecer: El Salvador n\u00e3o \u00e9 o Brasil. \u00c9 um pa\u00eds com pouco mais de 21 mil km\u00b2 e uma popula\u00e7\u00e3o muito menor, enquanto o Brasil tem mais de 8,5 milh\u00f5es de km\u00b2 e cerca de 214 milh\u00f5es de habitantes. Uma pol\u00edtica criada para enfrentar uma realidade espec\u00edfica n\u00e3o pode simplesmente ser copiada como se os dois pa\u00edses tivessem a mesma dimens\u00e3o, estrutura criminal, sistema federativo e realidade social.<\/p>\n\n    <p>Quando Fl\u00e1vio olha para Bukele e enxerga um exemplo, \u00e9 preciso perguntar: o que exatamente ele quer importar? Porque, se for a concentra\u00e7\u00e3o de poder, a relativiza\u00e7\u00e3o das garantias individuais, o encarceramento em massa e a ideia de que a seguran\u00e7a justifica atropelar direitos, ent\u00e3o ele deveria ter coragem de dizer isso claramente ao eleitor.<\/p>\n  <\/div>\n\n  <div class=\"box\">\n    <h2>E sobre democracia, a resposta tamb\u00e9m n\u00e3o foi convincente<\/h2>\n    <p>Na mesma sabatina, Fl\u00e1vio foi questionado se respeitaria o resultado das elei\u00e7\u00f5es caso perdesse. A pergunta era simples. A resposta deveria ser simples.<\/p>\n\n    <p class=\"pull-quote\">&#8220;Eu n\u00e3o vou perder essa elei\u00e7\u00e3o. E digo mais, vou ganhar no primeiro turno.&#8221;<\/p>\n\n    <p>N\u00e3o \u00e9 preciso interpretar demais. Quando um candidato \u00e9 perguntado se respeitar\u00e1 o resultado em caso de derrota e responde que n\u00e3o vai perder, ele n\u00e3o responde \u00e0 pergunta. Ainda mais vindo de uma fam\u00edlia pol\u00edtica cuja hist\u00f3ria recente inclui ataques \u00e0s urnas e uma tentativa de impedir a posse de um presidente eleito.<\/p>\n\n    <p>E Fl\u00e1vio ainda afirmou, na pr\u00f3pria sabatina, que &#8220;jamais&#8221; questionou o processo eleitoral. A afirma\u00e7\u00e3o \u00e9 falsa. H\u00e1 registros p\u00fablicos de declara\u00e7\u00f5es suas questionando a seguran\u00e7a das urnas desde 2014, defendendo voto impresso em 2018 e falando em &#8220;elei\u00e7\u00f5es sob suspeita&#8221; em 2021.<\/p>\n\n    <p>O brasileiro precisa ficar atento: democracia n\u00e3o \u00e9 dizer que respeita o resultado quando se tem certeza de que vai ganhar. Democracia \u00e9 aceitar a derrota quando ela acontece.<\/p>\n  <\/div>\n\n  <div class=\"box\">\n    <h2>At\u00e9 a &#8220;cola&#8221; ele copiou do pai<\/h2>\n    <p>E talvez n\u00e3o exista imagem que resuma melhor Fl\u00e1vio Bolsonaro do que a sua pr\u00f3pria m\u00e3o durante a sabatina: &#8220;Mudan\u00e7a. Futuro. 7\/set.&#8221; Uma cola escrita na palma da m\u00e3o, repetindo exatamente uma estrat\u00e9gia utilizada por Jair Bolsonaro em entrevistas e debates anteriores. O pai j\u00e1 havia recorrido ao mesmo expediente, inclusive no Jornal Nacional.<\/p>\n\n    <p>At\u00e9 nisso Fl\u00e1vio precisa imitar o pai. N\u00e3o \u00e9 apenas uma quest\u00e3o de est\u00e9tica. \u00c9 simb\u00f3lico. Fl\u00e1vio tenta se vender como &#8220;novo&#8221;, como &#8220;mudan\u00e7a&#8221;, como uma alternativa. Mas quando se olha para suas ideias, encontra-se a mesma velha pol\u00edtica: ataque aos direitos trabalhistas, flexibiliza\u00e7\u00e3o das rela\u00e7\u00f5es de trabalho, culto ao encarceramento, desconfian\u00e7a das institui\u00e7\u00f5es, ataques ao sistema eleitoral, admira\u00e7\u00e3o por modelos autorit\u00e1rios e defesa dos interesses daqueles que j\u00e1 t\u00eam poder.<\/p>\n\n    <p>N\u00e3o \u00e9 novidade. \u00c9 uma vers\u00e3o mais jovem da mesma f\u00f3rmula. Uma caricatura do pai, com as mesmas ideias atrasadas e, em alguns casos, ainda mais expl\u00edcitas.<\/p>\n  <\/div>\n\n  <div class=\"closer\">\n    <p>No fim, fica a pergunta: de que lado Fl\u00e1vio Bolsonaro est\u00e1?<\/p>\n    <p>Porque, quando aparece uma pauta que pode melhorar a vida de milh\u00f5es de trabalhadores, ele corre para tentar barr\u00e1-la. Quando precisa explicar milh\u00f5es vindos de um banqueiro investigado, ele diz que a responsabilidade \u00e9 da produtora. Quando fala da CPI do Banco Master, aumenta a pr\u00f3pria participa\u00e7\u00e3o. Quando \u00e9 confrontado sobre as urnas, tenta apagar o pr\u00f3prio hist\u00f3rico. Quando perguntado se aceitar\u00e1 uma derrota, responde que n\u00e3o vai perder. Quando fala de seguran\u00e7a, olha para El Salvador e para um modelo marcado por den\u00fancias de viola\u00e7\u00f5es de direitos. E quando precisa se apresentar ao eleitor, at\u00e9 a cola na m\u00e3o precisa ser igual \u00e0 do pai.<\/p>\n    <p>Fl\u00e1vio Bolsonaro n\u00e3o est\u00e1 oferecendo mudan\u00e7a. Est\u00e1 oferecendo a repeti\u00e7\u00e3o de um projeto que coloca trabalhador, direitos e institui\u00e7\u00f5es democr\u00e1ticas em segundo plano.<\/p>\n    <p class=\"final-line\">E talvez seja justamente por isso que a popula\u00e7\u00e3o precise olhar com muito cuidado para aquilo que ele chama de &#8220;liberdade&#8221;, &#8220;seguran\u00e7a&#8221; e &#8220;mudan\u00e7a&#8221; \u2014 porque, quando a liberdade do trabalhador significa negociar individualmente com quem controla seu emprego, quando a seguran\u00e7a significa relativizar direitos fundamentais e quando a mudan\u00e7a significa repetir o mesmo discurso de sempre, o que est\u00e1 sendo vendido como novidade \u00e9 apenas o velho bolsonarismo com um rosto diferente.<\/p>\n  <\/div>\n\n<\/main>\n\n<\/body>\n<\/html>\n\n","protected":false},"excerpt":{"rendered":"<p>A cola na m\u00e3o: quem \u00e9 Fl\u00e1vio Bolsonaro Opini\u00e3o \u00b7 Elei\u00e7\u00f5es 2026 Mudan\u00e7a, futuro, 7\/set:<\/p>\n","protected":false},"author":8,"featured_media":3469,"comment_status":"open","ping_status":"open","sticky":false,"template":"","format":"standard","meta":{"footnotes":""},"categories":[32],"tags":[44,45,43],"class_list":["post-3472","post","type-post","status-publish","format-standard","has-post-thumbnail","hentry","category-politica","tag-6x1","tag-flavio-bolsonaro","tag-politica-2"],"yoast_head":"<!-- This site is optimized with the Yoast SEO plugin v25.1 - https:\/\/yoast.com\/wordpress\/plugins\/seo\/ -->\n<title>Fl\u00e1vio Bolsonaro: contra o trabalhador, cercado de contradi\u00e7\u00f5es e cada vez mais parecido com o pai - SENALBAMG<\/title>\n<meta name=\"robots\" content=\"index, follow, max-snippet:-1, max-image-preview:large, max-video-preview:-1\" \/>\n<link rel=\"canonical\" href=\"https:\/\/senalbamg.org.br\/index.php\/2026\/09\/01\/flavio-bolsonaro-contra-o-trabalhador-cercado-de-contradicoes-e-cada-vez-mais-parecido-com-o-pai\/\" \/>\n<meta property=\"og:locale\" content=\"pt_PT\" \/>\n<meta property=\"og:type\" content=\"article\" \/>\n<meta property=\"og:title\" content=\"Fl\u00e1vio Bolsonaro: contra o trabalhador, cercado de contradi\u00e7\u00f5es e cada vez mais parecido com o pai - SENALBAMG\" \/>\n<meta property=\"og:description\" content=\"A cola na m\u00e3o: quem \u00e9 Fl\u00e1vio Bolsonaro Opini\u00e3o \u00b7 Elei\u00e7\u00f5es 2026 Mudan\u00e7a, futuro, 7\/set:\" \/>\n<meta property=\"og:url\" content=\"https:\/\/senalbamg.org.br\/index.php\/2026\/09\/01\/flavio-bolsonaro-contra-o-trabalhador-cercado-de-contradicoes-e-cada-vez-mais-parecido-com-o-pai\/\" \/>\n<meta property=\"og:site_name\" content=\"SENALBAMG\" \/>\n<meta property=\"article:published_time\" content=\"2026-09-01T18:01:10+00:00\" \/>\n<meta property=\"article:modified_time\" content=\"2026-09-01T18:01:47+00:00\" \/>\n<meta property=\"og:image\" content=\"https:\/\/senalbamg.org.br\/wp-content\/uploads\/2026\/09\/1_afp-20260816-c4t888d-v1-highres-brazilelectioncampaign-67433653.jpg\" \/>\n\t<meta property=\"og:image:width\" content=\"1000\" \/>\n\t<meta property=\"og:image:height\" content=\"1000\" \/>\n\t<meta property=\"og:image:type\" content=\"image\/jpeg\" \/>\n<meta name=\"author\" content=\"Jaqueline\" \/>\n<meta name=\"twitter:card\" content=\"summary_large_image\" \/>\n<meta name=\"twitter:label1\" content=\"Escrito por\" \/>\n\t<meta name=\"twitter:data1\" content=\"Jaqueline\" \/>\n\t<meta name=\"twitter:label2\" content=\"Tempo estimado de leitura\" \/>\n\t<meta name=\"twitter:data2\" content=\"11 minutos\" \/>\n<script type=\"application\/ld+json\" class=\"yoast-schema-graph\">{\"@context\":\"https:\/\/schema.org\",\"@graph\":[{\"@type\":\"Article\",\"@id\":\"https:\/\/senalbamg.org.br\/index.php\/2026\/09\/01\/flavio-bolsonaro-contra-o-trabalhador-cercado-de-contradicoes-e-cada-vez-mais-parecido-com-o-pai\/#article\",\"isPartOf\":{\"@id\":\"https:\/\/senalbamg.org.br\/index.php\/2026\/09\/01\/flavio-bolsonaro-contra-o-trabalhador-cercado-de-contradicoes-e-cada-vez-mais-parecido-com-o-pai\/\"},\"author\":{\"name\":\"Jaqueline\",\"@id\":\"https:\/\/senalbamg.org.br\/#\/schema\/person\/5f13e98b059669b39f32164f08b7c454\"},\"headline\":\"Fl\u00e1vio Bolsonaro: contra o trabalhador, cercado de contradi\u00e7\u00f5es e cada vez mais parecido com o pai\",\"datePublished\":\"2026-09-01T18:01:10+00:00\",\"dateModified\":\"2026-09-01T18:01:47+00:00\",\"mainEntityOfPage\":{\"@id\":\"https:\/\/senalbamg.org.br\/index.php\/2026\/09\/01\/flavio-bolsonaro-contra-o-trabalhador-cercado-de-contradicoes-e-cada-vez-mais-parecido-com-o-pai\/\"},\"wordCount\":1927,\"commentCount\":0,\"publisher\":{\"@id\":\"https:\/\/senalbamg.org.br\/#organization\"},\"image\":{\"@id\":\"https:\/\/senalbamg.org.br\/index.php\/2026\/09\/01\/flavio-bolsonaro-contra-o-trabalhador-cercado-de-contradicoes-e-cada-vez-mais-parecido-com-o-pai\/#primaryimage\"},\"thumbnailUrl\":\"https:\/\/senalbamg.org.br\/wp-content\/uploads\/2026\/09\/1_afp-20260816-c4t888d-v1-highres-brazilelectioncampaign-67433653.jpg\",\"keywords\":[\"6x1\",\"Fl\u00e1vio Bolsonaro\",\"Politica\"],\"articleSection\":[\"Pol\u00edtica\"],\"inLanguage\":\"pt-PT\",\"potentialAction\":[{\"@type\":\"CommentAction\",\"name\":\"Comment\",\"target\":[\"https:\/\/senalbamg.org.br\/index.php\/2026\/09\/01\/flavio-bolsonaro-contra-o-trabalhador-cercado-de-contradicoes-e-cada-vez-mais-parecido-com-o-pai\/#respond\"]}]},{\"@type\":\"WebPage\",\"@id\":\"https:\/\/senalbamg.org.br\/index.php\/2026\/09\/01\/flavio-bolsonaro-contra-o-trabalhador-cercado-de-contradicoes-e-cada-vez-mais-parecido-com-o-pai\/\",\"url\":\"https:\/\/senalbamg.org.br\/index.php\/2026\/09\/01\/flavio-bolsonaro-contra-o-trabalhador-cercado-de-contradicoes-e-cada-vez-mais-parecido-com-o-pai\/\",\"name\":\"Fl\u00e1vio Bolsonaro: contra o trabalhador, cercado de contradi\u00e7\u00f5es e cada vez mais parecido com o pai - SENALBAMG\",\"isPartOf\":{\"@id\":\"https:\/\/senalbamg.org.br\/#website\"},\"primaryImageOfPage\":{\"@id\":\"https:\/\/senalbamg.org.br\/index.php\/2026\/09\/01\/flavio-bolsonaro-contra-o-trabalhador-cercado-de-contradicoes-e-cada-vez-mais-parecido-com-o-pai\/#primaryimage\"},\"image\":{\"@id\":\"https:\/\/senalbamg.org.br\/index.php\/2026\/09\/01\/flavio-bolsonaro-contra-o-trabalhador-cercado-de-contradicoes-e-cada-vez-mais-parecido-com-o-pai\/#primaryimage\"},\"thumbnailUrl\":\"https:\/\/senalbamg.org.br\/wp-content\/uploads\/2026\/09\/1_afp-20260816-c4t888d-v1-highres-brazilelectioncampaign-67433653.jpg\",\"datePublished\":\"2026-09-01T18:01:10+00:00\",\"dateModified\":\"2026-09-01T18:01:47+00:00\",\"breadcrumb\":{\"@id\":\"https:\/\/senalbamg.org.br\/index.php\/2026\/09\/01\/flavio-bolsonaro-contra-o-trabalhador-cercado-de-contradicoes-e-cada-vez-mais-parecido-com-o-pai\/#breadcrumb\"},\"inLanguage\":\"pt-PT\",\"potentialAction\":[{\"@type\":\"ReadAction\",\"target\":[\"https:\/\/senalbamg.org.br\/index.php\/2026\/09\/01\/flavio-bolsonaro-contra-o-trabalhador-cercado-de-contradicoes-e-cada-vez-mais-parecido-com-o-pai\/\"]}]},{\"@type\":\"ImageObject\",\"inLanguage\":\"pt-PT\",\"@id\":\"https:\/\/senalbamg.org.br\/index.php\/2026\/09\/01\/flavio-bolsonaro-contra-o-trabalhador-cercado-de-contradicoes-e-cada-vez-mais-parecido-com-o-pai\/#primaryimage\",\"url\":\"https:\/\/senalbamg.org.br\/wp-content\/uploads\/2026\/09\/1_afp-20260816-c4t888d-v1-highres-brazilelectioncampaign-67433653.jpg\",\"contentUrl\":\"https:\/\/senalbamg.org.br\/wp-content\/uploads\/2026\/09\/1_afp-20260816-c4t888d-v1-highres-brazilelectioncampaign-67433653.jpg\",\"width\":1000,\"height\":1000},{\"@type\":\"BreadcrumbList\",\"@id\":\"https:\/\/senalbamg.org.br\/index.php\/2026\/09\/01\/flavio-bolsonaro-contra-o-trabalhador-cercado-de-contradicoes-e-cada-vez-mais-parecido-com-o-pai\/#breadcrumb\",\"itemListElement\":[{\"@type\":\"ListItem\",\"position\":1,\"name\":\"In\u00edcio\",\"item\":\"https:\/\/senalbamg.org.br\/\"},{\"@type\":\"ListItem\",\"position\":2,\"name\":\"Fl\u00e1vio Bolsonaro: contra o trabalhador, cercado de contradi\u00e7\u00f5es e cada vez mais parecido com o pai\"}]},{\"@type\":\"WebSite\",\"@id\":\"https:\/\/senalbamg.org.br\/#website\",\"url\":\"https:\/\/senalbamg.org.br\/\",\"name\":\"SENALBAMG\",\"description\":\"Fortale\u00e7a seu sindicato!\",\"publisher\":{\"@id\":\"https:\/\/senalbamg.org.br\/#organization\"},\"potentialAction\":[{\"@type\":\"SearchAction\",\"target\":{\"@type\":\"EntryPoint\",\"urlTemplate\":\"https:\/\/senalbamg.org.br\/?s={search_term_string}\"},\"query-input\":{\"@type\":\"PropertyValueSpecification\",\"valueRequired\":true,\"valueName\":\"search_term_string\"}}],\"inLanguage\":\"pt-PT\"},{\"@type\":\"Organization\",\"@id\":\"https:\/\/senalbamg.org.br\/#organization\",\"name\":\"SENALBAMG\",\"url\":\"https:\/\/senalbamg.org.br\/\",\"logo\":{\"@type\":\"ImageObject\",\"inLanguage\":\"pt-PT\",\"@id\":\"https:\/\/senalbamg.org.br\/#\/schema\/logo\/image\/\",\"url\":\"https:\/\/senalbamg.org.br\/wp-content\/uploads\/2025\/05\/Black-White-Letter-MD-Logo-Instagram-Post-Copia-1.jpg\",\"contentUrl\":\"https:\/\/senalbamg.org.br\/wp-content\/uploads\/2025\/05\/Black-White-Letter-MD-Logo-Instagram-Post-Copia-1.jpg\",\"width\":1080,\"height\":504,\"caption\":\"SENALBAMG\"},\"image\":{\"@id\":\"https:\/\/senalbamg.org.br\/#\/schema\/logo\/image\/\"}},{\"@type\":\"Person\",\"@id\":\"https:\/\/senalbamg.org.br\/#\/schema\/person\/5f13e98b059669b39f32164f08b7c454\",\"name\":\"Jaqueline\",\"image\":{\"@type\":\"ImageObject\",\"inLanguage\":\"pt-PT\",\"@id\":\"https:\/\/senalbamg.org.br\/#\/schema\/person\/image\/\",\"url\":\"https:\/\/secure.gravatar.com\/avatar\/68dcdcb1a85fda997df0003be5479cbcc707377f0a4ad1bc4a2466ca15910744?s=96&d=mm&r=g\",\"contentUrl\":\"https:\/\/secure.gravatar.com\/avatar\/68dcdcb1a85fda997df0003be5479cbcc707377f0a4ad1bc4a2466ca15910744?s=96&d=mm&r=g\",\"caption\":\"Jaqueline\"},\"url\":\"https:\/\/senalbamg.org.br\/index.php\/author\/jaqueline\/\"}]}<\/script>\n<!-- \/ Yoast SEO plugin. -->","yoast_head_json":{"title":"Fl\u00e1vio Bolsonaro: contra o trabalhador, cercado de contradi\u00e7\u00f5es e cada vez mais parecido com o pai - SENALBAMG","robots":{"index":"index","follow":"follow","max-snippet":"max-snippet:-1","max-image-preview":"max-image-preview:large","max-video-preview":"max-video-preview:-1"},"canonical":"https:\/\/senalbamg.org.br\/index.php\/2026\/09\/01\/flavio-bolsonaro-contra-o-trabalhador-cercado-de-contradicoes-e-cada-vez-mais-parecido-com-o-pai\/","og_locale":"pt_PT","og_type":"article","og_title":"Fl\u00e1vio Bolsonaro: contra o trabalhador, cercado de contradi\u00e7\u00f5es e cada vez mais parecido com o pai - SENALBAMG","og_description":"A cola na m\u00e3o: quem \u00e9 Fl\u00e1vio Bolsonaro Opini\u00e3o \u00b7 Elei\u00e7\u00f5es 2026 Mudan\u00e7a, futuro, 7\/set:","og_url":"https:\/\/senalbamg.org.br\/index.php\/2026\/09\/01\/flavio-bolsonaro-contra-o-trabalhador-cercado-de-contradicoes-e-cada-vez-mais-parecido-com-o-pai\/","og_site_name":"SENALBAMG","article_published_time":"2026-09-01T18:01:10+00:00","article_modified_time":"2026-09-01T18:01:47+00:00","og_image":[{"width":1000,"height":1000,"url":"https:\/\/senalbamg.org.br\/wp-content\/uploads\/2026\/09\/1_afp-20260816-c4t888d-v1-highres-brazilelectioncampaign-67433653.jpg","type":"image\/jpeg"}],"author":"Jaqueline","twitter_card":"summary_large_image","twitter_misc":{"Escrito por":"Jaqueline","Tempo estimado de leitura":"11 minutos"},"schema":{"@context":"https:\/\/schema.org","@graph":[{"@type":"Article","@id":"https:\/\/senalbamg.org.br\/index.php\/2026\/09\/01\/flavio-bolsonaro-contra-o-trabalhador-cercado-de-contradicoes-e-cada-vez-mais-parecido-com-o-pai\/#article","isPartOf":{"@id":"https:\/\/senalbamg.org.br\/index.php\/2026\/09\/01\/flavio-bolsonaro-contra-o-trabalhador-cercado-de-contradicoes-e-cada-vez-mais-parecido-com-o-pai\/"},"author":{"name":"Jaqueline","@id":"https:\/\/senalbamg.org.br\/#\/schema\/person\/5f13e98b059669b39f32164f08b7c454"},"headline":"Fl\u00e1vio Bolsonaro: contra o trabalhador, cercado de contradi\u00e7\u00f5es e cada vez mais parecido com o pai","datePublished":"2026-09-01T18:01:10+00:00","dateModified":"2026-09-01T18:01:47+00:00","mainEntityOfPage":{"@id":"https:\/\/senalbamg.org.br\/index.php\/2026\/09\/01\/flavio-bolsonaro-contra-o-trabalhador-cercado-de-contradicoes-e-cada-vez-mais-parecido-com-o-pai\/"},"wordCount":1927,"commentCount":0,"publisher":{"@id":"https:\/\/senalbamg.org.br\/#organization"},"image":{"@id":"https:\/\/senalbamg.org.br\/index.php\/2026\/09\/01\/flavio-bolsonaro-contra-o-trabalhador-cercado-de-contradicoes-e-cada-vez-mais-parecido-com-o-pai\/#primaryimage"},"thumbnailUrl":"https:\/\/senalbamg.org.br\/wp-content\/uploads\/2026\/09\/1_afp-20260816-c4t888d-v1-highres-brazilelectioncampaign-67433653.jpg","keywords":["6x1","Fl\u00e1vio Bolsonaro","Politica"],"articleSection":["Pol\u00edtica"],"inLanguage":"pt-PT","potentialAction":[{"@type":"CommentAction","name":"Comment","target":["https:\/\/senalbamg.org.br\/index.php\/2026\/09\/01\/flavio-bolsonaro-contra-o-trabalhador-cercado-de-contradicoes-e-cada-vez-mais-parecido-com-o-pai\/#respond"]}]},{"@type":"WebPage","@id":"https:\/\/senalbamg.org.br\/index.php\/2026\/09\/01\/flavio-bolsonaro-contra-o-trabalhador-cercado-de-contradicoes-e-cada-vez-mais-parecido-com-o-pai\/","url":"https:\/\/senalbamg.org.br\/index.php\/2026\/09\/01\/flavio-bolsonaro-contra-o-trabalhador-cercado-de-contradicoes-e-cada-vez-mais-parecido-com-o-pai\/","name":"Fl\u00e1vio Bolsonaro: contra o trabalhador, cercado de contradi\u00e7\u00f5es e cada vez mais parecido com o pai - SENALBAMG","isPartOf":{"@id":"https:\/\/senalbamg.org.br\/#website"},"primaryImageOfPage":{"@id":"https:\/\/senalbamg.org.br\/index.php\/2026\/09\/01\/flavio-bolsonaro-contra-o-trabalhador-cercado-de-contradicoes-e-cada-vez-mais-parecido-com-o-pai\/#primaryimage"},"image":{"@id":"https:\/\/senalbamg.org.br\/index.php\/2026\/09\/01\/flavio-bolsonaro-contra-o-trabalhador-cercado-de-contradicoes-e-cada-vez-mais-parecido-com-o-pai\/#primaryimage"},"thumbnailUrl":"https:\/\/senalbamg.org.br\/wp-content\/uploads\/2026\/09\/1_afp-20260816-c4t888d-v1-highres-brazilelectioncampaign-67433653.jpg","datePublished":"2026-09-01T18:01:10+00:00","dateModified":"2026-09-01T18:01:47+00:00","breadcrumb":{"@id":"https:\/\/senalbamg.org.br\/index.php\/2026\/09\/01\/flavio-bolsonaro-contra-o-trabalhador-cercado-de-contradicoes-e-cada-vez-mais-parecido-com-o-pai\/#breadcrumb"},"inLanguage":"pt-PT","potentialAction":[{"@type":"ReadAction","target":["https:\/\/senalbamg.org.br\/index.php\/2026\/09\/01\/flavio-bolsonaro-contra-o-trabalhador-cercado-de-contradicoes-e-cada-vez-mais-parecido-com-o-pai\/"]}]},{"@type":"ImageObject","inLanguage":"pt-PT","@id":"https:\/\/senalbamg.org.br\/index.php\/2026\/09\/01\/flavio-bolsonaro-contra-o-trabalhador-cercado-de-contradicoes-e-cada-vez-mais-parecido-com-o-pai\/#primaryimage","url":"https:\/\/senalbamg.org.br\/wp-content\/uploads\/2026\/09\/1_afp-20260816-c4t888d-v1-highres-brazilelectioncampaign-67433653.jpg","contentUrl":"https:\/\/senalbamg.org.br\/wp-content\/uploads\/2026\/09\/1_afp-20260816-c4t888d-v1-highres-brazilelectioncampaign-67433653.jpg","width":1000,"height":1000},{"@type":"BreadcrumbList","@id":"https:\/\/senalbamg.org.br\/index.php\/2026\/09\/01\/flavio-bolsonaro-contra-o-trabalhador-cercado-de-contradicoes-e-cada-vez-mais-parecido-com-o-pai\/#breadcrumb","itemListElement":[{"@type":"ListItem","position":1,"name":"In\u00edcio","item":"https:\/\/senalbamg.org.br\/"},{"@type":"ListItem","position":2,"name":"Fl\u00e1vio Bolsonaro: contra o trabalhador, cercado de contradi\u00e7\u00f5es e cada vez mais parecido com o pai"}]},{"@type":"WebSite","@id":"https:\/\/senalbamg.org.br\/#website","url":"https:\/\/senalbamg.org.br\/","name":"SENALBAMG","description":"Fortale\u00e7a seu sindicato!","publisher":{"@id":"https:\/\/senalbamg.org.br\/#organization"},"potentialAction":[{"@type":"SearchAction","target":{"@type":"EntryPoint","urlTemplate":"https:\/\/senalbamg.org.br\/?s={search_term_string}"},"query-input":{"@type":"PropertyValueSpecification","valueRequired":true,"valueName":"search_term_string"}}],"inLanguage":"pt-PT"},{"@type":"Organization","@id":"https:\/\/senalbamg.org.br\/#organization","name":"SENALBAMG","url":"https:\/\/senalbamg.org.br\/","logo":{"@type":"ImageObject","inLanguage":"pt-PT","@id":"https:\/\/senalbamg.org.br\/#\/schema\/logo\/image\/","url":"https:\/\/senalbamg.org.br\/wp-content\/uploads\/2025\/05\/Black-White-Letter-MD-Logo-Instagram-Post-Copia-1.jpg","contentUrl":"https:\/\/senalbamg.org.br\/wp-content\/uploads\/2025\/05\/Black-White-Letter-MD-Logo-Instagram-Post-Copia-1.jpg","width":1080,"height":504,"caption":"SENALBAMG"},"image":{"@id":"https:\/\/senalbamg.org.br\/#\/schema\/logo\/image\/"}},{"@type":"Person","@id":"https:\/\/senalbamg.org.br\/#\/schema\/person\/5f13e98b059669b39f32164f08b7c454","name":"Jaqueline","image":{"@type":"ImageObject","inLanguage":"pt-PT","@id":"https:\/\/senalbamg.org.br\/#\/schema\/person\/image\/","url":"https:\/\/secure.gravatar.com\/avatar\/68dcdcb1a85fda997df0003be5479cbcc707377f0a4ad1bc4a2466ca15910744?s=96&d=mm&r=g","contentUrl":"https:\/\/secure.gravatar.com\/avatar\/68dcdcb1a85fda997df0003be5479cbcc707377f0a4ad1bc4a2466ca15910744?s=96&d=mm&r=g","caption":"Jaqueline"},"url":"https:\/\/senalbamg.org.br\/index.php\/author\/jaqueline\/"}]}},"_links":{"self":[{"href":"https:\/\/senalbamg.org.br\/index.php\/wp-json\/wp\/v2\/posts\/3472","targetHints":{"allow":["GET"]}}],"collection":[{"href":"https:\/\/senalbamg.org.br\/index.php\/wp-json\/wp\/v2\/posts"}],"about":[{"href":"https:\/\/senalbamg.org.br\/index.php\/wp-json\/wp\/v2\/types\/post"}],"author":[{"embeddable":true,"href":"https:\/\/senalbamg.org.br\/index.php\/wp-json\/wp\/v2\/users\/8"}],"replies":[{"embeddable":true,"href":"https:\/\/senalbamg.org.br\/index.php\/wp-json\/wp\/v2\/comments?post=3472"}],"version-history":[{"count":2,"href":"https:\/\/senalbamg.org.br\/index.php\/wp-json\/wp\/v2\/posts\/3472\/revisions"}],"predecessor-version":[{"id":3474,"href":"https:\/\/senalbamg.org.br\/index.php\/wp-json\/wp\/v2\/posts\/3472\/revisions\/3474"}],"wp:featuredmedia":[{"embeddable":true,"href":"https:\/\/senalbamg.org.br\/index.php\/wp-json\/wp\/v2\/media\/3469"}],"wp:attachment":[{"href":"https:\/\/senalbamg.org.br\/index.php\/wp-json\/wp\/v2\/media?parent=3472"}],"wp:term":[{"taxonomy":"category","embeddable":true,"href":"https:\/\/senalbamg.org.br\/index.php\/wp-json\/wp\/v2\/categories?post=3472"},{"taxonomy":"post_tag","embeddable":true,"href":"https:\/\/senalbamg.org.br\/index.php\/wp-json\/wp\/v2\/tags?post=3472"}],"curies":[{"name":"wp","href":"https:\/\/api.w.org\/{rel}","templated":true}]}}