{"id":2985,"date":"2026-04-30T16:36:21","date_gmt":"2026-04-30T19:36:21","guid":{"rendered":"https:\/\/senalbamg.org.br\/?p=2985"},"modified":"2026-04-30T16:36:24","modified_gmt":"2026-04-30T19:36:24","slug":"dia-do-trabalhador","status":"publish","type":"post","link":"https:\/\/senalbamg.org.br\/index.php\/2026\/04\/30\/dia-do-trabalhador\/","title":{"rendered":"Dia do trabalhador"},"content":{"rendered":"\n<style>\n  .materia-trabalhador {\n    font-family: Arial, sans-serif;\n    color: #1f2933;\n    line-height: 1.7;\n    max-width: 1100px;\n    margin: 0 auto;\n  }\n\n  .materia-trabalhador * {\n    box-sizing: border-box;\n  }\n\n  .mt-hero {\n    background: linear-gradient(135deg, #003b2f, #0f6b4f);\n    color: #fff;\n    border-radius: 24px;\n    overflow: hidden;\n    margin-bottom: 35px;\n  }\n\n  .mt-hero img {\n    width: 100%;\n    display: block;\n  }\n\n  .mt-hero-content {\n    padding: 35px;\n  }\n\n  .mt-tag {\n    display: inline-block;\n    background: #f5c542;\n    color: #1f2933;\n    padding: 8px 14px;\n    border-radius: 999px;\n    font-weight: bold;\n    font-size: 14px;\n    margin-bottom: 18px;\n  }\n\n  .mt-hero h1 {\n    font-size: 38px;\n    line-height: 1.2;\n    margin: 0 0 18px;\n    color: #fff;\n  }\n\n  .mt-hero p {\n    font-size: 19px;\n    margin: 0;\n    color: #f4f4f4;\n  }\n\n  .mt-section {\n    margin: 38px 0;\n  }\n\n  .mt-section h2 {\n    color: #004b3a;\n    font-size: 28px;\n    margin-bottom: 15px;\n    border-left: 7px solid #f5c542;\n    padding-left: 14px;\n  }\n\n  .mt-section p {\n    font-size: 18px;\n    margin-bottom: 16px;\n  }\n\n  .mt-highlight {\n    background: #fff7d6;\n    border-left: 8px solid #f5c542;\n    padding: 24px;\n    border-radius: 18px;\n    margin: 28px 0;\n    font-size: 18px;\n  }\n\n  .mt-grid {\n    display: grid;\n    grid-template-columns: repeat(3, 1fr);\n    gap: 18px;\n    margin: 28px 0;\n  }\n\n  .mt-card {\n    background: #ffffff;\n    border: 1px solid #d9e2ec;\n    border-radius: 20px;\n    padding: 22px;\n    box-shadow: 0 8px 22px rgba(0,0,0,0.06);\n  }\n\n  .mt-card h3 {\n    color: #004b3a;\n    font-size: 21px;\n    margin-top: 0;\n  }\n\n  .mt-timeline {\n    border-left: 5px solid #0f6b4f;\n    padding-left: 24px;\n    margin: 30px 0;\n  }\n\n  .mt-time-item {\n    position: relative;\n    margin-bottom: 24px;\n    background: #f8fafc;\n    padding: 18px;\n    border-radius: 16px;\n  }\n\n  .mt-time-item::before {\n    content: \"\";\n    width: 18px;\n    height: 18px;\n    background: #f5c542;\n    border: 4px solid #0f6b4f;\n    border-radius: 50%;\n    position: absolute;\n    left: -36px;\n    top: 22px;\n  }\n\n  .mt-time-item strong {\n    display: block;\n    color: #004b3a;\n    font-size: 20px;\n  }\n\n  .mt-table {\n    width: 100%;\n    border-collapse: collapse;\n    margin: 30px 0;\n  }\n\n  .mt-table th {\n    background: #004b3a;\n    color: #fff;\n    padding: 16px;\n  }\n\n  .mt-table td {\n    padding: 16px;\n    border-bottom: 1px solid #e5e7eb;\n  }\n\n  .mt-image-box {\n    margin: 35px 0;\n    border-radius: 24px;\n    overflow: hidden;\n    box-shadow: 0 10px 28px rgba(0,0,0,0.12);\n  }\n\n  .mt-image-box img {\n    width: 100%;\n  }\n\n  .mt-caption {\n    background: #003b2f;\n    color: #fff;\n    padding: 14px 18px;\n    font-size: 15px;\n  }\n\n  .mt-callout {\n    background: linear-gradient(135deg, #004b3a, #0f6b4f);\n    color: #fff;\n    padding: 32px;\n    border-radius: 24px;\n    margin: 40px 0;\n  }\n\n  .mt-final {\n    text-align: center;\n    background: #fff7d6;\n    padding: 35px;\n    border-radius: 24px;\n  }\n<\/style>\n\n<article class=\"materia-trabalhador\">\n\n  <section class=\"mt-hero\">\n    <img decoding=\"async\" src=\"https:\/\/senalbamg.org.br\/wp-content\/uploads\/2026\/04\/Gemini_Generated_Image_x5rhtx5rhtx5rhtx-scaled.png\">\n    <div class=\"mt-hero-content\">\n      <span class=\"mt-tag\">1\u00ba de Maio<\/span>\n      <h1>Dia do Trabalhador: mem\u00f3ria, luta e consci\u00eancia<\/h1>\n      <p>Uma data constru\u00edda pela luta coletiva e que continua sendo decisiva para o futuro dos trabalhadores.<\/p>\n    <\/div>\n  <\/section>\n\n  <section class=\"mt-section\">\n    <h2>Uma hist\u00f3ria marcada por luta<\/h2>\n    <p>O 1\u00ba de Maio nasce da resist\u00eancia dos trabalhadores contra jornadas desumanas e condi\u00e7\u00f5es prec\u00e1rias. Em 1886, milhares foram \u00e0s ruas exigir dignidade.<\/p>\n\n    <div class=\"mt-highlight\">\n      Nenhum direito trabalhista surgiu por acaso. Todos foram conquistados com organiza\u00e7\u00e3o e enfrentamento.\n    <\/div>\n  <\/section>\n\n  <section class=\"mt-section\">\n    <h2>Linha do tempo das conquistas<\/h2>\n\n    <div class=\"mt-timeline\">\n      <div class=\"mt-time-item\">\n        <strong>1886<\/strong>\n        Greves por jornada de 8 horas em Chicago.\n      <\/div>\n\n      <div class=\"mt-time-item\">\n        <strong>1943<\/strong>\n        Cria\u00e7\u00e3o da CLT no Brasil.\n      <\/div>\n\n      <div class=\"mt-time-item\">\n        <strong>1988<\/strong>\n        Constitui\u00e7\u00e3o amplia direitos sociais.\n      <\/div>\n\n      <div class=\"mt-time-item\">\n        <strong>2017<\/strong>\n        Reforma Trabalhista fragiliza direitos.\n      <\/div>\n    <\/div>\n  <\/section>\n\n  <section class=\"mt-section\">\n    <h2>A import\u00e2ncia do sindicato<\/h2>\n\n    <table class=\"mt-table\">\n      <tr>\n        <th>Sem sindicato<\/th>\n        <th>Com sindicato<\/th>\n      <\/tr>\n      <tr>\n        <td>Trabalhador sozinho<\/td>\n        <td>For\u00e7a coletiva organizada<\/td>\n      <\/tr>\n      <tr>\n        <td>Mais vulner\u00e1vel<\/td>\n        <td>Mais prote\u00e7\u00e3o e negocia\u00e7\u00e3o<\/td>\n      <\/tr>\n    <\/table>\n\n    <p>O sindicato transforma a for\u00e7a individual em poder coletivo.<\/p>\n  <\/section>\n\n  <div class=\"mt-image-box\">\n    <img decoding=\"async\" src=\"https:\/\/senalbamg.org.br\/wp-content\/uploads\/2026\/04\/arton27968-74304.jpg\">\n    <div class=\"mt-caption\">\n      No dia 8 de mar\u00e7o de 1857, oper\u00e1rias de uma f\u00e1brica de tecidos em Nova York realizaram uma greve marcante contra as m\u00e1s condi\u00e7\u00f5es de trabalho, incluindo jornadas de 16 horas e sal\u00e1rios baixos. Segundo relatos, a repress\u00e3o violenta resultou na morte de cerca de 130 tecel\u00e3s trancadas na f\u00e1brica em chamas.\n    <\/div>\n  <\/div>\n\n  <section class=\"mt-section\">\n    <h2>Reforma Trabalhista: o que mudou<\/h2>\n\n    <table class=\"mt-table\">\n      <tr>\n        <th>Promessas<\/th>\n        <th>Realidade<\/th>\n      <\/tr>\n      <tr>\n        <td>Mais empregos<\/td>\n        <td>Mais precariza\u00e7\u00e3o<\/td>\n      <\/tr>\n      <tr>\n        <td>Moderniza\u00e7\u00e3o<\/td>\n        <td>Menos prote\u00e7\u00e3o<\/td>\n      <\/tr>\n    <\/table>\n  <\/section>\n\n  <div class=\"mt-image-box\">\n    <img decoding=\"async\" src=\"https:\/\/senalbamg.org.br\/wp-content\/uploads\/2026\/04\/Gemini_Generated_Image_uh5xxzuh5xxzuh5x-scaled.png\">\n    <div class=\"mt-caption\">\n      Quando o trabalhador se divide, quem ganha for\u00e7a s\u00e3o os interesses que querem reduzir direitos.\n    <\/div>\n  <\/div>\n\n  <section class=\"mt-callout\">\n    <h2>Consci\u00eancia tamb\u00e9m \u00e9 voto<\/h2>\n    <p>Direitos trabalhistas tamb\u00e9m s\u00e3o definidos na pol\u00edtica. O voto consciente impacta diretamente sal\u00e1rio, emprego e dignidade.<\/p>\n  <\/section>\n\n  <section class=\"mt-final\">\n    <h2>O 1\u00ba de Maio continua atual<\/h2>\n    <p>Sem organiza\u00e7\u00e3o e participa\u00e7\u00e3o, direitos podem ser perdidos. A hist\u00f3ria mostra que s\u00f3 h\u00e1 avan\u00e7o com uni\u00e3o.<\/p>\n  <\/section>\n\n<\/article>\n","protected":false},"excerpt":{"rendered":"<p>1\u00ba de Maio Dia do Trabalhador: mem\u00f3ria, luta e consci\u00eancia Uma data constru\u00edda pela luta<\/p>\n","protected":false},"author":6,"featured_media":2986,"comment_status":"closed","ping_status":"closed","sticky":false,"template":"","format":"standard","meta":{"footnotes":""},"categories":[42,5,32],"tags":[],"class_list":["post-2985","post","type-post","status-publish","format-standard","has-post-thumbnail","hentry","category-mundo-do-trabalho","category-noticias","category-politica"],"yoast_head":"<!-- This site is optimized with the Yoast SEO plugin v25.1 - https:\/\/yoast.com\/wordpress\/plugins\/seo\/ -->\n<title>Dia do trabalhador - SENALBAMG<\/title>\n<meta name=\"robots\" content=\"index, follow, max-snippet:-1, max-image-preview:large, max-video-preview:-1\" \/>\n<link rel=\"canonical\" href=\"https:\/\/senalbamg.org.br\/index.php\/2026\/04\/30\/dia-do-trabalhador\/\" \/>\n<meta property=\"og:locale\" content=\"pt_PT\" \/>\n<meta property=\"og:type\" content=\"article\" \/>\n<meta property=\"og:title\" content=\"Dia do trabalhador - SENALBAMG\" \/>\n<meta property=\"og:description\" content=\"1\u00ba de Maio Dia do Trabalhador: mem\u00f3ria, luta e consci\u00eancia Uma data constru\u00edda pela luta\" \/>\n<meta property=\"og:url\" content=\"https:\/\/senalbamg.org.br\/index.php\/2026\/04\/30\/dia-do-trabalhador\/\" \/>\n<meta property=\"og:site_name\" content=\"SENALBAMG\" \/>\n<meta property=\"article:author\" content=\"https:\/\/www.facebook.com\/manucastelo1\/\" \/>\n<meta property=\"article:published_time\" content=\"2026-04-30T19:36:21+00:00\" \/>\n<meta property=\"article:modified_time\" content=\"2026-04-30T19:36:24+00:00\" \/>\n<meta property=\"og:image\" content=\"https:\/\/senalbamg.org.br\/wp-content\/uploads\/2026\/04\/Gemini_Generated_Image_q3aowyq3aowyq3ao-825x1024.png\" \/>\n\t<meta property=\"og:image:width\" content=\"825\" \/>\n\t<meta property=\"og:image:height\" content=\"1024\" \/>\n\t<meta property=\"og:image:type\" content=\"image\/png\" \/>\n<meta name=\"author\" content=\"Senalbamg\" \/>\n<meta name=\"twitter:card\" content=\"summary_large_image\" \/>\n<meta name=\"twitter:creator\" content=\"@manucastelo\" \/>\n<meta name=\"twitter:label1\" content=\"Escrito por\" \/>\n\t<meta name=\"twitter:data1\" content=\"Senalbamg\" \/>\n\t<meta name=\"twitter:label2\" content=\"Tempo estimado de leitura\" \/>\n\t<meta name=\"twitter:data2\" content=\"3 minutos\" \/>\n<script type=\"application\/ld+json\" class=\"yoast-schema-graph\">{\"@context\":\"https:\/\/schema.org\",\"@graph\":[{\"@type\":\"Article\",\"@id\":\"https:\/\/senalbamg.org.br\/index.php\/2026\/04\/30\/dia-do-trabalhador\/#article\",\"isPartOf\":{\"@id\":\"https:\/\/senalbamg.org.br\/index.php\/2026\/04\/30\/dia-do-trabalhador\/\"},\"author\":{\"name\":\"Senalbamg\",\"@id\":\"https:\/\/senalbamg.org.br\/#\/schema\/person\/a1182b231037888a45ea6853e70d3ba0\"},\"headline\":\"Dia do trabalhador\",\"datePublished\":\"2026-04-30T19:36:21+00:00\",\"dateModified\":\"2026-04-30T19:36:24+00:00\",\"mainEntityOfPage\":{\"@id\":\"https:\/\/senalbamg.org.br\/index.php\/2026\/04\/30\/dia-do-trabalhador\/\"},\"wordCount\":279,\"publisher\":{\"@id\":\"https:\/\/senalbamg.org.br\/#organization\"},\"image\":{\"@id\":\"https:\/\/senalbamg.org.br\/index.php\/2026\/04\/30\/dia-do-trabalhador\/#primaryimage\"},\"thumbnailUrl\":\"https:\/\/senalbamg.org.br\/wp-content\/uploads\/2026\/04\/Gemini_Generated_Image_q3aowyq3aowyq3ao.png\",\"articleSection\":[\"Mundo do Trabalho\",\"Noticias\",\"Pol\u00edtica\"],\"inLanguage\":\"pt-PT\"},{\"@type\":\"WebPage\",\"@id\":\"https:\/\/senalbamg.org.br\/index.php\/2026\/04\/30\/dia-do-trabalhador\/\",\"url\":\"https:\/\/senalbamg.org.br\/index.php\/2026\/04\/30\/dia-do-trabalhador\/\",\"name\":\"Dia do trabalhador - SENALBAMG\",\"isPartOf\":{\"@id\":\"https:\/\/senalbamg.org.br\/#website\"},\"primaryImageOfPage\":{\"@id\":\"https:\/\/senalbamg.org.br\/index.php\/2026\/04\/30\/dia-do-trabalhador\/#primaryimage\"},\"image\":{\"@id\":\"https:\/\/senalbamg.org.br\/index.php\/2026\/04\/30\/dia-do-trabalhador\/#primaryimage\"},\"thumbnailUrl\":\"https:\/\/senalbamg.org.br\/wp-content\/uploads\/2026\/04\/Gemini_Generated_Image_q3aowyq3aowyq3ao.png\",\"datePublished\":\"2026-04-30T19:36:21+00:00\",\"dateModified\":\"2026-04-30T19:36:24+00:00\",\"breadcrumb\":{\"@id\":\"https:\/\/senalbamg.org.br\/index.php\/2026\/04\/30\/dia-do-trabalhador\/#breadcrumb\"},\"inLanguage\":\"pt-PT\",\"potentialAction\":[{\"@type\":\"ReadAction\",\"target\":[\"https:\/\/senalbamg.org.br\/index.php\/2026\/04\/30\/dia-do-trabalhador\/\"]}]},{\"@type\":\"ImageObject\",\"inLanguage\":\"pt-PT\",\"@id\":\"https:\/\/senalbamg.org.br\/index.php\/2026\/04\/30\/dia-do-trabalhador\/#primaryimage\",\"url\":\"https:\/\/senalbamg.org.br\/wp-content\/uploads\/2026\/04\/Gemini_Generated_Image_q3aowyq3aowyq3ao.png\",\"contentUrl\":\"https:\/\/senalbamg.org.br\/wp-content\/uploads\/2026\/04\/Gemini_Generated_Image_q3aowyq3aowyq3ao.png\",\"width\":1856,\"height\":2304},{\"@type\":\"BreadcrumbList\",\"@id\":\"https:\/\/senalbamg.org.br\/index.php\/2026\/04\/30\/dia-do-trabalhador\/#breadcrumb\",\"itemListElement\":[{\"@type\":\"ListItem\",\"position\":1,\"name\":\"In\u00edcio\",\"item\":\"https:\/\/senalbamg.org.br\/\"},{\"@type\":\"ListItem\",\"position\":2,\"name\":\"Dia do trabalhador\"}]},{\"@type\":\"WebSite\",\"@id\":\"https:\/\/senalbamg.org.br\/#website\",\"url\":\"https:\/\/senalbamg.org.br\/\",\"name\":\"SENALBAMG\",\"description\":\"Fortale\u00e7a seu sindicato!\",\"publisher\":{\"@id\":\"https:\/\/senalbamg.org.br\/#organization\"},\"potentialAction\":[{\"@type\":\"SearchAction\",\"target\":{\"@type\":\"EntryPoint\",\"urlTemplate\":\"https:\/\/senalbamg.org.br\/?s={search_term_string}\"},\"query-input\":{\"@type\":\"PropertyValueSpecification\",\"valueRequired\":true,\"valueName\":\"search_term_string\"}}],\"inLanguage\":\"pt-PT\"},{\"@type\":\"Organization\",\"@id\":\"https:\/\/senalbamg.org.br\/#organization\",\"name\":\"SENALBAMG\",\"url\":\"https:\/\/senalbamg.org.br\/\",\"logo\":{\"@type\":\"ImageObject\",\"inLanguage\":\"pt-PT\",\"@id\":\"https:\/\/senalbamg.org.br\/#\/schema\/logo\/image\/\",\"url\":\"https:\/\/senalbamg.org.br\/wp-content\/uploads\/2025\/05\/Black-White-Letter-MD-Logo-Instagram-Post-Copia-1.jpg\",\"contentUrl\":\"https:\/\/senalbamg.org.br\/wp-content\/uploads\/2025\/05\/Black-White-Letter-MD-Logo-Instagram-Post-Copia-1.jpg\",\"width\":1080,\"height\":504,\"caption\":\"SENALBAMG\"},\"image\":{\"@id\":\"https:\/\/senalbamg.org.br\/#\/schema\/logo\/image\/\"}},{\"@type\":\"Person\",\"@id\":\"https:\/\/senalbamg.org.br\/#\/schema\/person\/a1182b231037888a45ea6853e70d3ba0\",\"name\":\"Senalbamg\",\"image\":{\"@type\":\"ImageObject\",\"inLanguage\":\"pt-PT\",\"@id\":\"https:\/\/senalbamg.org.br\/#\/schema\/person\/image\/\",\"url\":\"https:\/\/secure.gravatar.com\/avatar\/b03df12ad1668e9441e8303782bc9e63c63c07de35381ddc9ad9105ea877da7f?s=96&d=mm&r=g\",\"contentUrl\":\"https:\/\/secure.gravatar.com\/avatar\/b03df12ad1668e9441e8303782bc9e63c63c07de35381ddc9ad9105ea877da7f?s=96&d=mm&r=g\",\"caption\":\"Senalbamg\"},\"description\":\"O Senalba-MG \u00e9 o sindicato que representa os trabalhadores do Sistema S em Minas Gerais \u2014 Sesi, Senai, Sesc, Senac, Sescoop, Sest, Senat e Senar. Tamb\u00e9m atuamos na defesa dos trabalhadores da Assist\u00eancia Social, abrangendo entidades sem fins lucrativos, associa\u00e7\u00f5es, funda\u00e7\u00f5es, creches, ONGs, OSs, OSCIPs. Nossa base inclui ainda os profissionais dos cursos livres, como os de idiomas, inform\u00e1tica e capacita\u00e7\u00e3o profissional.\",\"sameAs\":[\"https:\/\/senalbamg.org.br\/\",\"https:\/\/www.facebook.com\/manucastelo1\/\",\"https:\/\/www.instagram.com\/manucastelo\/?hl=pt-br\",\"https:\/\/www.linkedin.com\/in\/manucastelo\/\",\"https:\/\/br.pinterest.com\/manucastelo\/\",\"https:\/\/x.com\/manucastelo\",\"https:\/\/www.youtube.com\/@manucastelo1\"],\"url\":\"https:\/\/senalbamg.org.br\/index.php\/author\/manus\/\"}]}<\/script>\n<!-- \/ Yoast SEO plugin. -->","yoast_head_json":{"title":"Dia do trabalhador - SENALBAMG","robots":{"index":"index","follow":"follow","max-snippet":"max-snippet:-1","max-image-preview":"max-image-preview:large","max-video-preview":"max-video-preview:-1"},"canonical":"https:\/\/senalbamg.org.br\/index.php\/2026\/04\/30\/dia-do-trabalhador\/","og_locale":"pt_PT","og_type":"article","og_title":"Dia do trabalhador - SENALBAMG","og_description":"1\u00ba de Maio Dia do Trabalhador: mem\u00f3ria, luta e consci\u00eancia Uma data constru\u00edda pela luta","og_url":"https:\/\/senalbamg.org.br\/index.php\/2026\/04\/30\/dia-do-trabalhador\/","og_site_name":"SENALBAMG","article_author":"https:\/\/www.facebook.com\/manucastelo1\/","article_published_time":"2026-04-30T19:36:21+00:00","article_modified_time":"2026-04-30T19:36:24+00:00","og_image":[{"width":825,"height":1024,"url":"https:\/\/senalbamg.org.br\/wp-content\/uploads\/2026\/04\/Gemini_Generated_Image_q3aowyq3aowyq3ao-825x1024.png","type":"image\/png"}],"author":"Senalbamg","twitter_card":"summary_large_image","twitter_creator":"@manucastelo","twitter_misc":{"Escrito por":"Senalbamg","Tempo estimado de leitura":"3 minutos"},"schema":{"@context":"https:\/\/schema.org","@graph":[{"@type":"Article","@id":"https:\/\/senalbamg.org.br\/index.php\/2026\/04\/30\/dia-do-trabalhador\/#article","isPartOf":{"@id":"https:\/\/senalbamg.org.br\/index.php\/2026\/04\/30\/dia-do-trabalhador\/"},"author":{"name":"Senalbamg","@id":"https:\/\/senalbamg.org.br\/#\/schema\/person\/a1182b231037888a45ea6853e70d3ba0"},"headline":"Dia do trabalhador","datePublished":"2026-04-30T19:36:21+00:00","dateModified":"2026-04-30T19:36:24+00:00","mainEntityOfPage":{"@id":"https:\/\/senalbamg.org.br\/index.php\/2026\/04\/30\/dia-do-trabalhador\/"},"wordCount":279,"publisher":{"@id":"https:\/\/senalbamg.org.br\/#organization"},"image":{"@id":"https:\/\/senalbamg.org.br\/index.php\/2026\/04\/30\/dia-do-trabalhador\/#primaryimage"},"thumbnailUrl":"https:\/\/senalbamg.org.br\/wp-content\/uploads\/2026\/04\/Gemini_Generated_Image_q3aowyq3aowyq3ao.png","articleSection":["Mundo do Trabalho","Noticias","Pol\u00edtica"],"inLanguage":"pt-PT"},{"@type":"WebPage","@id":"https:\/\/senalbamg.org.br\/index.php\/2026\/04\/30\/dia-do-trabalhador\/","url":"https:\/\/senalbamg.org.br\/index.php\/2026\/04\/30\/dia-do-trabalhador\/","name":"Dia do trabalhador - SENALBAMG","isPartOf":{"@id":"https:\/\/senalbamg.org.br\/#website"},"primaryImageOfPage":{"@id":"https:\/\/senalbamg.org.br\/index.php\/2026\/04\/30\/dia-do-trabalhador\/#primaryimage"},"image":{"@id":"https:\/\/senalbamg.org.br\/index.php\/2026\/04\/30\/dia-do-trabalhador\/#primaryimage"},"thumbnailUrl":"https:\/\/senalbamg.org.br\/wp-content\/uploads\/2026\/04\/Gemini_Generated_Image_q3aowyq3aowyq3ao.png","datePublished":"2026-04-30T19:36:21+00:00","dateModified":"2026-04-30T19:36:24+00:00","breadcrumb":{"@id":"https:\/\/senalbamg.org.br\/index.php\/2026\/04\/30\/dia-do-trabalhador\/#breadcrumb"},"inLanguage":"pt-PT","potentialAction":[{"@type":"ReadAction","target":["https:\/\/senalbamg.org.br\/index.php\/2026\/04\/30\/dia-do-trabalhador\/"]}]},{"@type":"ImageObject","inLanguage":"pt-PT","@id":"https:\/\/senalbamg.org.br\/index.php\/2026\/04\/30\/dia-do-trabalhador\/#primaryimage","url":"https:\/\/senalbamg.org.br\/wp-content\/uploads\/2026\/04\/Gemini_Generated_Image_q3aowyq3aowyq3ao.png","contentUrl":"https:\/\/senalbamg.org.br\/wp-content\/uploads\/2026\/04\/Gemini_Generated_Image_q3aowyq3aowyq3ao.png","width":1856,"height":2304},{"@type":"BreadcrumbList","@id":"https:\/\/senalbamg.org.br\/index.php\/2026\/04\/30\/dia-do-trabalhador\/#breadcrumb","itemListElement":[{"@type":"ListItem","position":1,"name":"In\u00edcio","item":"https:\/\/senalbamg.org.br\/"},{"@type":"ListItem","position":2,"name":"Dia do trabalhador"}]},{"@type":"WebSite","@id":"https:\/\/senalbamg.org.br\/#website","url":"https:\/\/senalbamg.org.br\/","name":"SENALBAMG","description":"Fortale\u00e7a seu sindicato!","publisher":{"@id":"https:\/\/senalbamg.org.br\/#organization"},"potentialAction":[{"@type":"SearchAction","target":{"@type":"EntryPoint","urlTemplate":"https:\/\/senalbamg.org.br\/?s={search_term_string}"},"query-input":{"@type":"PropertyValueSpecification","valueRequired":true,"valueName":"search_term_string"}}],"inLanguage":"pt-PT"},{"@type":"Organization","@id":"https:\/\/senalbamg.org.br\/#organization","name":"SENALBAMG","url":"https:\/\/senalbamg.org.br\/","logo":{"@type":"ImageObject","inLanguage":"pt-PT","@id":"https:\/\/senalbamg.org.br\/#\/schema\/logo\/image\/","url":"https:\/\/senalbamg.org.br\/wp-content\/uploads\/2025\/05\/Black-White-Letter-MD-Logo-Instagram-Post-Copia-1.jpg","contentUrl":"https:\/\/senalbamg.org.br\/wp-content\/uploads\/2025\/05\/Black-White-Letter-MD-Logo-Instagram-Post-Copia-1.jpg","width":1080,"height":504,"caption":"SENALBAMG"},"image":{"@id":"https:\/\/senalbamg.org.br\/#\/schema\/logo\/image\/"}},{"@type":"Person","@id":"https:\/\/senalbamg.org.br\/#\/schema\/person\/a1182b231037888a45ea6853e70d3ba0","name":"Senalbamg","image":{"@type":"ImageObject","inLanguage":"pt-PT","@id":"https:\/\/senalbamg.org.br\/#\/schema\/person\/image\/","url":"https:\/\/secure.gravatar.com\/avatar\/b03df12ad1668e9441e8303782bc9e63c63c07de35381ddc9ad9105ea877da7f?s=96&d=mm&r=g","contentUrl":"https:\/\/secure.gravatar.com\/avatar\/b03df12ad1668e9441e8303782bc9e63c63c07de35381ddc9ad9105ea877da7f?s=96&d=mm&r=g","caption":"Senalbamg"},"description":"O Senalba-MG \u00e9 o sindicato que representa os trabalhadores do Sistema S em Minas Gerais \u2014 Sesi, Senai, Sesc, Senac, Sescoop, Sest, Senat e Senar. Tamb\u00e9m atuamos na defesa dos trabalhadores da Assist\u00eancia Social, abrangendo entidades sem fins lucrativos, associa\u00e7\u00f5es, funda\u00e7\u00f5es, creches, ONGs, OSs, OSCIPs. Nossa base inclui ainda os profissionais dos cursos livres, como os de idiomas, inform\u00e1tica e capacita\u00e7\u00e3o profissional.","sameAs":["https:\/\/senalbamg.org.br\/","https:\/\/www.facebook.com\/manucastelo1\/","https:\/\/www.instagram.com\/manucastelo\/?hl=pt-br","https:\/\/www.linkedin.com\/in\/manucastelo\/","https:\/\/br.pinterest.com\/manucastelo\/","https:\/\/x.com\/manucastelo","https:\/\/www.youtube.com\/@manucastelo1"],"url":"https:\/\/senalbamg.org.br\/index.php\/author\/manus\/"}]}},"_links":{"self":[{"href":"https:\/\/senalbamg.org.br\/index.php\/wp-json\/wp\/v2\/posts\/2985","targetHints":{"allow":["GET"]}}],"collection":[{"href":"https:\/\/senalbamg.org.br\/index.php\/wp-json\/wp\/v2\/posts"}],"about":[{"href":"https:\/\/senalbamg.org.br\/index.php\/wp-json\/wp\/v2\/types\/post"}],"author":[{"embeddable":true,"href":"https:\/\/senalbamg.org.br\/index.php\/wp-json\/wp\/v2\/users\/6"}],"replies":[{"embeddable":true,"href":"https:\/\/senalbamg.org.br\/index.php\/wp-json\/wp\/v2\/comments?post=2985"}],"version-history":[{"count":1,"href":"https:\/\/senalbamg.org.br\/index.php\/wp-json\/wp\/v2\/posts\/2985\/revisions"}],"predecessor-version":[{"id":2987,"href":"https:\/\/senalbamg.org.br\/index.php\/wp-json\/wp\/v2\/posts\/2985\/revisions\/2987"}],"wp:featuredmedia":[{"embeddable":true,"href":"https:\/\/senalbamg.org.br\/index.php\/wp-json\/wp\/v2\/media\/2986"}],"wp:attachment":[{"href":"https:\/\/senalbamg.org.br\/index.php\/wp-json\/wp\/v2\/media?parent=2985"}],"wp:term":[{"taxonomy":"category","embeddable":true,"href":"https:\/\/senalbamg.org.br\/index.php\/wp-json\/wp\/v2\/categories?post=2985"},{"taxonomy":"post_tag","embeddable":true,"href":"https:\/\/senalbamg.org.br\/index.php\/wp-json\/wp\/v2\/tags?post=2985"}],"curies":[{"name":"wp","href":"https:\/\/api.w.org\/{rel}","templated":true}]}}