{"id":2969,"date":"2026-04-30T14:31:14","date_gmt":"2026-04-30T17:31:14","guid":{"rendered":"https:\/\/senalbamg.org.br\/?p=2969"},"modified":"2026-04-30T14:31:18","modified_gmt":"2026-04-30T17:31:18","slug":"os-riscos-do-conflito-institucional","status":"publish","type":"post","link":"https:\/\/senalbamg.org.br\/index.php\/2026\/04\/30\/os-riscos-do-conflito-institucional\/","title":{"rendered":"Os\u00a0Riscos do Conflito Institucional"},"content":{"rendered":"\n<!DOCTYPE html>\n<html lang=\"pt-BR\">\n<head>\n<meta charset=\"UTF-8\">\n<meta name=\"viewport\" content=\"width=device-width, initial-scale=1.0\">\n<title>A For\u00e7a do Senado e os Riscos do Conflito Institucional<\/title>\n<link href=\"https:\/\/fonts.googleapis.com\/css2?family=Playfair+Display:ital,wght@0,700;0,900;1,700&#038;family=Source+Serif+4:ital,opsz,wght@0,8..60,300;0,8..60,400;0,8..60,600;1,8..60,300&#038;family=Bebas+Neue&#038;display=swap\" rel=\"stylesheet\">\n<style>\n  :root {\n    --green-dark: #0d3320;\n    --green-mid: #1a5c38;\n    --green-light: #2e8b57;\n    --gold: #c9a84c;\n    --gold-light: #e8c96a;\n    --cream: #f8f4ec;\n    --cream-dark: #ede7d9;\n    --red-alert: #b83232;\n    --charcoal: #1c1c1c;\n    --text-dark: #2a2a2a;\n    --text-muted: #5a5a5a;\n  }\n\n  *, *::before, *::after { box-sizing: border-box; margin: 0; padding: 0; }\n\n  html { scroll-behavior: smooth; }\n\n  body {\n    font-family: 'Source Serif 4', Georgia, serif;\n    background-color: var(--cream);\n    color: var(--text-dark);\n    line-height: 1.75;\n    overflow-x: hidden;\n  }\n\n  \/* \u2500\u2500 HERO \u2500\u2500 *\/\n  .hero {\n    position: relative;\n    min-height: 100vh;\n    background: var(--green-dark);\n    display: flex;\n    flex-direction: column;\n    justify-content: flex-end;\n    overflow: hidden;\n  }\n\n  .hero::before {\n    content: '';\n    position: absolute;\n    inset: 0;\n    background: \n      radial-gradient(ellipse 80% 60% at 50% 80%, rgba(201,168,76,0.15) 0%, transparent 60%),\n      radial-gradient(ellipse 50% 80% at 80% 20%, rgba(46,139,87,0.2) 0%, transparent 50%);\n  }\n\n  .hero-image-wrap {\n    position: absolute;\n    inset: 0;\n  }\n\n  .hero-image-wrap img {\n    width: 100%;\n    height: 100%;\n    object-fit: cover;\n    object-position: center top;\n    opacity: 0.35;\n    filter: saturate(0.6) contrast(1.1);\n  }\n\n  .hero-overlay {\n    position: absolute;\n    inset: 0;\n    background: linear-gradient(to top, rgba(13,51,32,0.98) 0%, rgba(13,51,32,0.6) 50%, rgba(13,51,32,0.1) 100%);\n  }\n\n  .hero-content {\n    position: relative;\n    z-index: 2;\n    padding: 3rem 4rem 4rem;\n    max-width: 900px;\n  }\n\n  .hero-tag {\n    display: inline-block;\n    background: var(--gold);\n    color: var(--green-dark);\n    font-family: 'Bebas Neue', sans-serif;\n    font-size: 0.85rem;\n    letter-spacing: 0.2em;\n    padding: 0.3rem 1rem;\n    margin-bottom: 1.5rem;\n  }\n\n  .hero h1 {\n    font-family: 'Playfair Display', Georgia, serif;\n    font-size: clamp(2.5rem, 6vw, 5rem);\n    font-weight: 900;\n    line-height: 1.05;\n    color: var(--cream);\n    margin-bottom: 1.5rem;\n  }\n\n  .hero h1 em {\n    font-style: italic;\n    color: var(--gold-light);\n  }\n\n  .hero-lead {\n    font-size: 1.15rem;\n    font-weight: 300;\n    color: rgba(248,244,236,0.8);\n    max-width: 620px;\n    line-height: 1.8;\n  }\n\n  .hero-scroll {\n    position: absolute;\n    bottom: 2rem;\n    right: 4rem;\n    z-index: 2;\n    display: flex;\n    flex-direction: column;\n    align-items: center;\n    gap: 0.4rem;\n    color: var(--gold);\n    font-family: 'Bebas Neue', sans-serif;\n    letter-spacing: 0.15em;\n    font-size: 0.7rem;\n    opacity: 0.8;\n  }\n\n  .hero-scroll::after {\n    content: '';\n    width: 1px;\n    height: 60px;\n    background: linear-gradient(to bottom, var(--gold), transparent);\n  }\n\n  \/* \u2500\u2500 ARTICLE WRAPPER \u2500\u2500 *\/\n  .article-wrap {\n    max-width: 860px;\n    margin: 0 auto;\n    padding: 0 2rem 6rem;\n  }\n\n  \/* \u2500\u2500 INTRO BLOCK \u2500\u2500 *\/\n  .intro-block {\n    border-left: 4px solid var(--gold);\n    background: white;\n    padding: 2rem 2.5rem;\n    margin: 4rem 0;\n    font-size: 1.1rem;\n    line-height: 1.9;\n    color: var(--text-dark);\n    box-shadow: 6px 6px 0 var(--cream-dark);\n    position: relative;\n  }\n\n  .intro-block::before {\n    content: '\"';\n    font-family: 'Playfair Display', serif;\n    font-size: 6rem;\n    color: var(--gold);\n    opacity: 0.25;\n    position: absolute;\n    top: -1rem;\n    left: 1rem;\n    line-height: 1;\n  }\n\n  \/* \u2500\u2500 SECTION HEADERS \u2500\u2500 *\/\n  .section-header {\n    display: flex;\n    align-items: center;\n    gap: 1rem;\n    margin: 4rem 0 2rem;\n  }\n\n  .section-number {\n    font-family: 'Bebas Neue', sans-serif;\n    font-size: 4rem;\n    color: var(--gold);\n    opacity: 0.4;\n    line-height: 1;\n    flex-shrink: 0;\n  }\n\n  .section-title {\n    font-family: 'Playfair Display', serif;\n    font-size: clamp(1.4rem, 3vw, 2rem);\n    font-weight: 700;\n    color: var(--green-dark);\n    line-height: 1.2;\n  }\n\n  .section-title span {\n    display: block;\n    width: 50px;\n    height: 3px;\n    background: var(--gold);\n    margin-top: 0.5rem;\n  }\n\n  \/* \u2500\u2500 CARDS GRID \u2500\u2500 *\/\n  .cards-grid {\n    display: grid;\n    grid-template-columns: repeat(auto-fit, minmax(240px, 1fr));\n    gap: 1.5rem;\n    margin: 2rem 0;\n  }\n\n  .card {\n    background: white;\n    border-top: 4px solid var(--green-mid);\n    padding: 1.5rem;\n    box-shadow: 0 2px 12px rgba(0,0,0,0.07);\n    transition: transform 0.2s, box-shadow 0.2s;\n  }\n\n  .card:hover {\n    transform: translateY(-4px);\n    box-shadow: 0 8px 24px rgba(0,0,0,0.12);\n  }\n\n  .card.gold { border-top-color: var(--gold); }\n  .card.red  { border-top-color: var(--red-alert); }\n\n  .card-icon {\n    font-size: 2rem;\n    margin-bottom: 0.75rem;\n  }\n\n  .card h3 {\n    font-family: 'Playfair Display', serif;\n    font-size: 1rem;\n    font-weight: 700;\n    color: var(--green-dark);\n    margin-bottom: 0.5rem;\n  }\n\n  .card p {\n    font-size: 0.9rem;\n    color: var(--text-muted);\n    line-height: 1.65;\n  }\n\n  \/* \u2500\u2500 STATS ROW \u2500\u2500 *\/\n  .stats-row {\n    display: grid;\n    grid-template-columns: repeat(3, 1fr);\n    gap: 1px;\n    background: var(--cream-dark);\n    border: 1px solid var(--cream-dark);\n    margin: 2.5rem 0;\n    overflow: hidden;\n  }\n\n  .stat-item {\n    background: var(--green-dark);\n    color: var(--cream);\n    padding: 2rem 1.5rem;\n    text-align: center;\n  }\n\n  .stat-number {\n    font-family: 'Bebas Neue', sans-serif;\n    font-size: 3.5rem;\n    color: var(--gold);\n    line-height: 1;\n    display: block;\n  }\n\n  .stat-label {\n    font-size: 0.85rem;\n    color: rgba(248,244,236,0.7);\n    margin-top: 0.4rem;\n    line-height: 1.4;\n  }\n\n  \/* \u2500\u2500 TABLE \u2500\u2500 *\/\n  .table-wrap {\n    overflow-x: auto;\n    margin: 2rem 0;\n    box-shadow: 0 2px 16px rgba(0,0,0,0.08);\n  }\n\n  table {\n    width: 100%;\n    border-collapse: collapse;\n    font-size: 0.92rem;\n    background: white;\n  }\n\n  thead {\n    background: var(--green-dark);\n    color: var(--cream);\n  }\n\n  thead th {\n    padding: 1rem 1.25rem;\n    text-align: left;\n    font-family: 'Bebas Neue', sans-serif;\n    font-size: 0.95rem;\n    letter-spacing: 0.1em;\n    font-weight: normal;\n  }\n\n  tbody tr:nth-child(even) { background: var(--cream); }\n  tbody tr:hover { background: rgba(201,168,76,0.1); }\n\n  tbody td {\n    padding: 0.9rem 1.25rem;\n    border-bottom: 1px solid var(--cream-dark);\n    vertical-align: top;\n  }\n\n  tbody td:first-child {\n    font-weight: 600;\n    color: var(--green-dark);\n  }\n\n  .badge {\n    display: inline-block;\n    padding: 0.2rem 0.6rem;\n    border-radius: 2px;\n    font-size: 0.75rem;\n    font-family: 'Bebas Neue', sans-serif;\n    letter-spacing: 0.1em;\n  }\n\n  .badge-green { background: rgba(46,139,87,0.15); color: var(--green-mid); }\n  .badge-red   { background: rgba(184,50,50,0.12); color: var(--red-alert); }\n  .badge-gold  { background: rgba(201,168,76,0.2); color: #8a6e20; }\n\n  \/* \u2500\u2500 ALERT BOX \u2500\u2500 *\/\n  .alert-box {\n    background: linear-gradient(135deg, rgba(184,50,50,0.06) 0%, rgba(184,50,50,0.02) 100%);\n    border: 1px solid rgba(184,50,50,0.25);\n    border-left: 5px solid var(--red-alert);\n    padding: 1.75rem 2rem;\n    margin: 2.5rem 0;\n    display: flex;\n    gap: 1.25rem;\n    align-items: flex-start;\n  }\n\n  .alert-icon {\n    font-size: 1.75rem;\n    flex-shrink: 0;\n    margin-top: 0.1rem;\n  }\n\n  .alert-box h4 {\n    font-family: 'Playfair Display', serif;\n    font-size: 1.05rem;\n    color: var(--red-alert);\n    margin-bottom: 0.4rem;\n  }\n\n  .alert-box p {\n    font-size: 0.92rem;\n    color: var(--text-muted);\n    line-height: 1.7;\n  }\n\n  \/* \u2500\u2500 CONSEQUENCES \u2500\u2500 *\/\n  .consequence-list {\n    counter-reset: consequence;\n    list-style: none;\n    margin: 2rem 0;\n    display: flex;\n    flex-direction: column;\n    gap: 1rem;\n  }\n\n  .consequence-list li {\n    counter-increment: consequence;\n    display: grid;\n    grid-template-columns: 60px 1fr;\n    gap: 1.25rem;\n    align-items: start;\n    background: white;\n    padding: 1.25rem 1.5rem;\n    box-shadow: 0 1px 6px rgba(0,0,0,0.06);\n    transition: transform 0.15s;\n  }\n\n  .consequence-list li:hover { transform: translateX(4px); }\n\n  .consequence-list li::before {\n    content: counter(consequence, decimal-leading-zero);\n    font-family: 'Bebas Neue', sans-serif;\n    font-size: 2rem;\n    color: var(--gold);\n    opacity: 0.6;\n    line-height: 1;\n  }\n\n  .consequence-list li div h4 {\n    font-family: 'Playfair Display', serif;\n    font-size: 1rem;\n    font-weight: 700;\n    color: var(--green-dark);\n    margin-bottom: 0.3rem;\n  }\n\n  .consequence-list li div p {\n    font-size: 0.88rem;\n    color: var(--text-muted);\n    line-height: 1.65;\n  }\n\n  \/* \u2500\u2500 CHARGE SECTION \u2500\u2500 *\/\n  .charge-section {\n    background: var(--green-dark);\n    padding: 3rem;\n    margin: 3rem -2rem;\n    display: grid;\n    grid-template-columns: 1fr 1fr;\n    gap: 2.5rem;\n    align-items: center;\n  }\n\n  .charge-section img {\n    width: 100%;\n    height: 280px;\n    object-fit: cover;\n    filter: saturate(0.8);\n  }\n\n  .charge-text h3 {\n    font-family: 'Playfair Display', serif;\n    font-size: 1.4rem;\n    color: var(--gold-light);\n    margin-bottom: 1rem;\n    line-height: 1.3;\n  }\n\n  .charge-text p {\n    color: rgba(248,244,236,0.75);\n    font-size: 0.92rem;\n    line-height: 1.8;\n  }\n\n  \/* \u2500\u2500 WORKER CARDS \u2500\u2500 *\/\n  .worker-grid {\n    display: grid;\n    grid-template-columns: 1fr 1fr;\n    gap: 1.25rem;\n    margin: 2rem 0;\n  }\n\n  .worker-card {\n    background: white;\n    border: 1px solid var(--cream-dark);\n    padding: 1.5rem;\n    position: relative;\n    overflow: hidden;\n    transition: box-shadow 0.2s;\n  }\n\n  .worker-card::after {\n    content: '';\n    position: absolute;\n    bottom: 0;\n    left: 0;\n    right: 0;\n    height: 3px;\n    background: var(--gold);\n    transform: scaleX(0);\n    transform-origin: left;\n    transition: transform 0.3s;\n  }\n\n  .worker-card:hover::after { transform: scaleX(1); }\n  .worker-card:hover { box-shadow: 0 4px 20px rgba(0,0,0,0.1); }\n\n  .worker-card .wc-icon {\n    font-size: 1.75rem;\n    margin-bottom: 0.75rem;\n  }\n\n  .worker-card h4 {\n    font-family: 'Playfair Display', serif;\n    font-size: 0.95rem;\n    color: var(--green-dark);\n    margin-bottom: 0.4rem;\n  }\n\n  .worker-card p {\n    font-size: 0.85rem;\n    color: var(--text-muted);\n    line-height: 1.65;\n  }\n\n  \/* \u2500\u2500 RENEWAL TIMELINE \u2500\u2500 *\/\n  .timeline {\n    display: grid;\n    grid-template-columns: 1fr 1fr;\n    gap: 1.5rem;\n    margin: 2rem 0;\n  }\n\n  .timeline-item {\n    position: relative;\n    padding: 1.5rem;\n    background: white;\n    box-shadow: 0 2px 10px rgba(0,0,0,0.07);\n    overflow: hidden;\n  }\n\n  .timeline-year {\n    font-family: 'Bebas Neue', sans-serif;\n    font-size: 3.5rem;\n    color: var(--cream-dark);\n    position: absolute;\n    right: -0.25rem;\n    top: -0.5rem;\n    line-height: 1;\n    z-index: 0;\n  }\n\n  .timeline-content {\n    position: relative;\n    z-index: 1;\n  }\n\n  .timeline-badge {\n    display: inline-block;\n    background: var(--green-mid);\n    color: white;\n    font-family: 'Bebas Neue', sans-serif;\n    letter-spacing: 0.12em;\n    font-size: 0.75rem;\n    padding: 0.2rem 0.75rem;\n    margin-bottom: 0.75rem;\n  }\n\n  .timeline-item.highlight .timeline-badge {\n    background: var(--gold);\n    color: var(--green-dark);\n  }\n\n  .timeline-seats {\n    font-family: 'Bebas Neue', sans-serif;\n    font-size: 2.5rem;\n    color: var(--green-dark);\n    line-height: 1;\n    margin-bottom: 0.3rem;\n  }\n\n  .timeline-item.highlight .timeline-seats { color: var(--gold); }\n\n  .timeline-desc {\n    font-size: 0.85rem;\n    color: var(--text-muted);\n    line-height: 1.6;\n  }\n\n  \/* \u2500\u2500 CTA FOOTER \u2500\u2500 *\/\n  .cta-footer {\n    background: var(--green-dark);\n    padding: 4rem;\n    margin: 4rem -2rem 0;\n    text-align: center;\n    position: relative;\n    overflow: hidden;\n  }\n\n  .cta-footer::before {\n    content: '';\n    position: absolute;\n    inset: 0;\n    background: radial-gradient(ellipse 60% 60% at 50% 100%, rgba(201,168,76,0.15) 0%, transparent 70%);\n  }\n\n  .cta-footer h2 {\n    font-family: 'Playfair Display', serif;\n    font-size: clamp(1.8rem, 4vw, 3rem);\n    color: var(--cream);\n    position: relative;\n    z-index: 1;\n    margin-bottom: 1rem;\n  }\n\n  .cta-footer h2 em {\n    color: var(--gold-light);\n    font-style: italic;\n  }\n\n  .cta-footer p {\n    color: rgba(248,244,236,0.7);\n    max-width: 540px;\n    margin: 0 auto 2rem;\n    font-size: 1rem;\n    position: relative;\n    z-index: 1;\n    line-height: 1.75;\n  }\n\n  .cta-badge {\n    display: inline-block;\n    border: 2px solid var(--gold);\n    color: var(--gold);\n    font-family: 'Bebas Neue', sans-serif;\n    letter-spacing: 0.2em;\n    padding: 0.75rem 2.5rem;\n    font-size: 1rem;\n    position: relative;\n    z-index: 1;\n    background: transparent;\n    cursor: default;\n  }\n\n  \/* \u2500\u2500 PROSE \u2500\u2500 *\/\n  .prose p {\n    margin-bottom: 1.25rem;\n    font-size: 1rem;\n    line-height: 1.85;\n    color: var(--text-dark);\n  }\n\n  .prose strong {\n    color: var(--green-dark);\n    font-weight: 600;\n  }\n\n  \/* \u2500\u2500 DIVIDER \u2500\u2500 *\/\n  .divider {\n    display: flex;\n    align-items: center;\n    gap: 1rem;\n    margin: 3rem 0;\n    color: var(--gold);\n    font-family: 'Bebas Neue', sans-serif;\n    letter-spacing: 0.2em;\n    font-size: 0.75rem;\n    opacity: 0.6;\n  }\n\n  .divider::before, .divider::after {\n    content: '';\n    flex: 1;\n    height: 1px;\n    background: var(--cream-dark);\n  }\n\n  \/* \u2500\u2500 ANIMATIONS \u2500\u2500 *\/\n  @keyframes fadeUp {\n    from { opacity: 0; transform: translateY(24px); }\n    to   { opacity: 1; transform: translateY(0); }\n  }\n\n  .fade-up {\n    opacity: 0;\n    animation: fadeUp 0.7s ease forwards;\n  }\n\n  .fade-up:nth-child(1) { animation-delay: 0.1s; }\n  .fade-up:nth-child(2) { animation-delay: 0.25s; }\n  .fade-up:nth-child(3) { animation-delay: 0.4s; }\n  .fade-up:nth-child(4) { animation-delay: 0.55s; }\n\n  @media (max-width: 640px) {\n    .hero-content { padding: 2rem 1.5rem 3rem; }\n    .article-wrap { padding: 0 1.25rem 4rem; }\n    .charge-section { grid-template-columns: 1fr; margin: 2rem -1.25rem; padding: 2rem 1.5rem; }\n    .worker-grid, .timeline { grid-template-columns: 1fr; }\n    .stats-row { grid-template-columns: 1fr; }\n    .cta-footer { margin: 4rem -1.25rem 0; padding: 2.5rem 1.5rem; }\n    .cards-grid { grid-template-columns: 1fr; }\n  }\n<\/style>\n<\/head>\n<body>\n\n<!-- \u2550\u2550 HERO \u2550\u2550 -->\n<header class=\"hero\">\n  <div class=\"hero-image-wrap\">\n    <img decoding=\"async\" src=\"https:\/\/senalbamg.org.br\/wp-content\/uploads\/2026\/04\/whatsapp-image-2026-04-29-at-12.50.23.avif\" alt=\"Senado Federal\" loading=\"eager\">\n  <\/div>\n  <div class=\"hero-overlay\"><\/div>\n  <div class=\"hero-content\">\n    <span class=\"hero-tag\">An\u00e1lise Institucional \u00b7 2026<\/span>\n    <h1>A For\u00e7a do Senado<br>e os <em>Riscos do Conflito<\/em><br>Institucional<\/h1>\n    <p class=\"hero-lead\">A rejei\u00e7\u00e3o de Jorge Messias exp\u00f4s a crescente tens\u00e3o entre os Poderes. Entenda o que est\u00e1 em jogo para a democracia \u2014 e para a vida de milh\u00f5es de brasileiros.<\/p>\n  <\/div>\n  <div class=\"hero-scroll\">LEIA MAIS<\/div>\n<\/header>\n\n<!-- \u2550\u2550 ARTICLE \u2550\u2550 -->\n<main class=\"article-wrap\">\n\n  <!-- Intro -->\n  <blockquote class=\"intro-block fade-up\">\n    Longe de ser um caso isolado, a derrota do indicado do governo no Senado revela uma disputa de for\u00e7as que influencia diretamente a <strong>governabilidade do pa\u00eds<\/strong>. Mais do que uma sabatina, o que se viu foi uma demonstra\u00e7\u00e3o de for\u00e7a do Legislativo sobre o Executivo.\n  <\/blockquote>\n\n  <!-- SE\u00c7\u00c3O 1: O Senado -->\n  <div class=\"section-header\">\n    <span class=\"section-number\">01<\/span>\n    <h2 class=\"section-title\">O Senado e Seu Poder Real<span><\/span><\/h2>\n  <\/div>\n\n  <!-- Stats -->\n  <div class=\"stats-row fade-up\">\n    <div class=\"stat-item\">\n      <span class=\"stat-number\">81<\/span>\n      <span class=\"stat-label\">Senadores no total<br>3 por estado + DF<\/span>\n    <\/div>\n    <div class=\"stat-item\">\n      <span class=\"stat-number\">8<\/span>\n      <span class=\"stat-label\">Anos de mandato<br>maior estabilidade legislativa<\/span>\n    <\/div>\n    <div class=\"stat-item\">\n      <span class=\"stat-number\">27<\/span>\n      <span class=\"stat-label\">Unidades federativas<br>representadas com igual peso<\/span>\n    <\/div>\n  <\/div>\n\n  <div class=\"prose\">\n    <p>O Senado Federal garante que estados com menor popula\u00e7\u00e3o tenham o <strong>mesmo peso pol\u00edtico<\/strong> que os mais populosos, equilibrando a representa\u00e7\u00e3o popular da C\u00e2mara dos Deputados com a representa\u00e7\u00e3o federativa. Essa paridade \u00e9 um dos pilares do federalismo brasileiro.<\/p>\n  <\/div>\n\n  <!-- Renova\u00e7\u00e3o Timeline -->\n  <div class=\"timeline fade-up\">\n    <div class=\"timeline-item\">\n      <span class=\"timeline-year\">2022<\/span>\n      <div class=\"timeline-content\">\n        <span class=\"timeline-badge\">Elei\u00e7\u00e3o Anterior<\/span>\n        <div class=\"timeline-seats\">27<\/div>\n        <p class=\"timeline-desc\"><strong>1 vaga por estado<\/strong> \u2014 Renova\u00e7\u00e3o parcial de um ter\u00e7o da Casa Alta, mantendo continuidade pol\u00edtica.<\/p>\n      <\/div>\n    <\/div>\n    <div class=\"timeline-item highlight\">\n      <span class=\"timeline-year\">2026<\/span>\n      <div class=\"timeline-content\">\n        <span class=\"timeline-badge\">\u26a1 Pr\u00f3xima Elei\u00e7\u00e3o<\/span>\n        <div class=\"timeline-seats\">54<\/div>\n        <p class=\"timeline-desc\"><strong>2 vagas por estado<\/strong> \u2014 Dois ter\u00e7os da Casa renovados. Potencial de <strong>reconfigura\u00e7\u00e3o profunda<\/strong> do cen\u00e1rio pol\u00edtico nacional.<\/p>\n      <\/div>\n    <\/div>\n  <\/div>\n\n  <div class=\"divider\">Implica\u00e7\u00f5es da Renova\u00e7\u00e3o Alternada<\/div>\n\n  <div class=\"alert-box\">\n    <span class=\"alert-icon\">\ud83d\udcca<\/span>\n    <div>\n      <h4>O Efeito 2026<\/h4>\n      <p>Uma renova\u00e7\u00e3o de 54 cadeiras pode alterar completamente a correla\u00e7\u00e3o de for\u00e7as pol\u00edticas \u2014 influenciando desde a aprova\u00e7\u00e3o de pautas do Executivo at\u00e9 a condu\u00e7\u00e3o de inqu\u00e9ritos e processos de impeachment, passando pela aprova\u00e7\u00e3o de ministros de tribunais superiores e diretores de ag\u00eancias reguladoras.<\/p>\n    <\/div>\n  <\/div>\n\n  <!-- SE\u00c7\u00c3O 2: O que o Senado pode fazer -->\n  <div class=\"section-header\">\n    <span class=\"section-number\">02<\/span>\n    <h2 class=\"section-title\">O Que o Senado Pode Fazer<span><\/span><\/h2>\n  <\/div>\n\n  <div class=\"table-wrap fade-up\">\n    <table>\n      <thead>\n        <tr>\n          <th>Compet\u00eancia<\/th>\n          <th>O que envolve<\/th>\n          <th>Impacto<\/th>\n        <\/tr>\n      <\/thead>\n      <tbody>\n        <tr>\n          <td>\u2705 Aprova\u00e7\u00e3o de Autoridades<\/td>\n          <td>Ministros do STF, PGR, Banco Central, embaixadores<\/td>\n          <td><span class=\"badge badge-gold\">Alto<\/span><\/td>\n        <\/tr>\n        <tr>\n          <td>\u2696\ufe0f Julgamento de Impeachment<\/td>\n          <td>Presidente, Vice, Ministros e Comandantes das For\u00e7as Armadas<\/td>\n          <td><span class=\"badge badge-red\">Cr\u00edtico<\/span><\/td>\n        <\/tr>\n        <tr>\n          <td>\ud83d\udd0d Processos contra o STF<\/td>\n          <td>Pedidos de responsabilidade contra ministros do Judici\u00e1rio<\/td>\n          <td><span class=\"badge badge-red\">Sens\u00edvel<\/span><\/td>\n        <\/tr>\n        <tr>\n          <td>\ud83d\udcdc Legisla\u00e7\u00e3o<\/td>\n          <td>Aprova\u00e7\u00e3o, rejei\u00e7\u00e3o ou modifica\u00e7\u00e3o de projetos de lei<\/td>\n          <td><span class=\"badge badge-green\">Estrutural<\/span><\/td>\n        <\/tr>\n        <tr>\n          <td>\ud83d\udcb0 Or\u00e7amento e Fiscaliza\u00e7\u00e3o<\/td>\n          <td>Controle das contas p\u00fablicas e pol\u00edticas fiscais<\/td>\n          <td><span class=\"badge badge-green\">Permanente<\/span><\/td>\n        <\/tr>\n      <\/tbody>\n    <\/table>\n  <\/div>\n\n  <div class=\"alert-box\">\n    <span class=\"alert-icon\">\u26a0\ufe0f<\/span>\n    <div>\n      <h4>O Risco do Impeachment como Arma Pol\u00edtica<\/h4>\n      <p>Embora o impeachment seja um instrumento leg\u00edtimo e constitucional, o perigo surge quando \u00e9 impulsionado por <strong>motiva\u00e7\u00e3o estritamente pol\u00edtica<\/strong> \u2014 visando paralisar, intimidar ou retaliar um membro do Judici\u00e1rio por suas decis\u00f5es. Essa distor\u00e7\u00e3o amea\u00e7a a independ\u00eancia dos Poderes e o equil\u00edbrio democr\u00e1tico.<\/p>\n    <\/div>\n  <\/div>\n\n  <!-- SE\u00c7\u00c3O 3: Charge \/ Imagem editorial -->\n  <div class=\"section-header\">\n    <span class=\"section-number\">03<\/span>\n    <h2 class=\"section-title\">Sem Harmonia, Quem Perde \u00e9 a Popula\u00e7\u00e3o<span><\/span><\/h2>\n  <\/div>\n\n  <div class=\"charge-section\">\n    <img decoding=\"async\" src=\"https:\/\/senalbamg.org.br\/wp-content\/uploads\/2026\/04\/Gemini_Generated_Image_sq5gpzsq5gpzsq5g.png\" alt=\"Charge institucional \u2014 conflito entre Poderes\">\n    <div class=\"charge-text\">\n      <h3>O Conflito Institucional Tem um Custo Real<\/h3>\n      <p>Quando o equil\u00edbrio entre os Poderes se rompe, o impacto n\u00e3o fica restrito a Bras\u00edlia. Ele se materializa em servi\u00e7os atrasados, empregos n\u00e3o criados, pol\u00edticas paralisadas e uma popula\u00e7\u00e3o que paga a conta da disputa pol\u00edtica.<\/p>\n    <\/div>\n  <\/div>\n\n  <!-- Consequ\u00eancias -->\n  <ul class=\"consequence-list\">\n    <li>\n      <div>\n        <h4>Paralisa\u00e7\u00e3o de Propostas Cruciais<\/h4>\n        <p>Projetos essenciais para moderniza\u00e7\u00e3o do Estado, infraestrutura e quest\u00f5es sociais ficam presos em ciclos de vetos, emendas e rean\u00e1lises.<\/p>\n      <\/div>\n    <\/li>\n    <li>\n      <div>\n        <h4>Atraso em Pol\u00edticas P\u00fablicas<\/h4>\n        <p>Sa\u00fade, educa\u00e7\u00e3o e seguran\u00e7a p\u00fablica sofrem diretamente com a libera\u00e7\u00e3o de recursos postergada e programas que n\u00e3o saem do papel.<\/p>\n      <\/div>\n    <\/li>\n    <li>\n      <div>\n        <h4>Preju\u00edzo ao Crescimento Econ\u00f4mico<\/h4>\n        <p>A instabilidade inibe investimentos estrangeiros e nacionais, derruba a previsibilidade e compromete a gera\u00e7\u00e3o de empregos e renda.<\/p>\n      <\/div>\n    <\/li>\n    <li>\n      <div>\n        <h4>Impacto Direto no Cotidiano<\/h4>\n        <p>Menos servi\u00e7os de qualidade, mais burocracia, oportunidades perdidas. O custo final da paralisia sempre recai sobre o cidad\u00e3o.<\/p>\n      <\/div>\n    <\/li>\n  <\/ul>\n\n  <!-- SE\u00c7\u00c3O 4: O alerta para os trabalhadores -->\n  <div class=\"section-header\">\n    <span class=\"section-number\">04<\/span>\n    <h2 class=\"section-title\">O Alerta para os Trabalhadores<span><\/span><\/h2>\n  <\/div>\n\n  <div class=\"intro-block fade-up\">\n    O trabalhador brasileiro <strong>n\u00e3o pode ignorar<\/strong> a necessidade imperativa de acompanhar as propostas e o hist\u00f3rico dos candidatos ao Senado. O seu voto no Senado \u00e9 uma ferramenta poderosa para proteger seus pr\u00f3prios interesses.\n  <\/div>\n\n  <div class=\"worker-grid fade-up\">\n    <div class=\"worker-card\">\n      <div class=\"wc-icon\">\ud83c\udfdb\ufe0f<\/div>\n      <h4>Direitos Trabalhistas<\/h4>\n      <p>Jornada, sal\u00e1rio m\u00ednimo, aposentadoria, condi\u00e7\u00f5es de trabalho. A escolha de um senador pode preservar ou corroer conquistas hist\u00f3ricas da classe trabalhadora.<\/p>\n    <\/div>\n    <div class=\"worker-card\">\n      <div class=\"wc-icon\">\ud83c\udfe5<\/div>\n      <h4>Pol\u00edticas Sociais<\/h4>\n      <p>Sa\u00fade p\u00fablica, educa\u00e7\u00e3o, transfer\u00eancia de renda e habita\u00e7\u00e3o popular. Senadores decidem or\u00e7amentos e aprovam programas que protegem os mais vulner\u00e1veis.<\/p>\n    <\/div>\n    <div class=\"worker-card\">\n      <div class=\"wc-icon\">\ud83d\udcc8<\/div>\n      <h4>Economia Nacional<\/h4>\n      <p>Pol\u00edtica tribut\u00e1ria, regula\u00e7\u00e3o de setores-chave e projetos de infraestrutura. Decis\u00f5es que moldam o ambiente de neg\u00f3cios e a gera\u00e7\u00e3o de empregos.<\/p>\n    <\/div>\n    <div class=\"worker-card\">\n      <div class=\"wc-icon\">\ud83d\uded2<\/div>\n      <h4>Custo de Vida<\/h4>\n      <p>Ao influenciar a pol\u00edtica fiscal e monet\u00e1ria, o Senado afeta indiretamente a infla\u00e7\u00e3o e o pre\u00e7o de alimentos, energia e combust\u00edveis.<\/p>\n    <\/div>\n  <\/div>\n\n  <!-- Comparativo final -->\n  <div class=\"section-header\">\n    <span class=\"section-number\">05<\/span>\n    <h2 class=\"section-title\">O Que Est\u00e1 em Jogo<span><\/span><\/h2>\n  <\/div>\n\n  <div class=\"cards-grid fade-up\">\n    <div class=\"card\">\n      <div class=\"card-icon\">\u2696\ufe0f<\/div>\n      <h3>Com Equil\u00edbrio<\/h3>\n      <p>Democracia saud\u00e1vel, aprova\u00e7\u00e3o \u00e1gil de pautas priorit\u00e1rias, seguran\u00e7a jur\u00eddica, atra\u00e7\u00e3o de investimentos e pol\u00edticas p\u00fablicas efetivas para a popula\u00e7\u00e3o.<\/p>\n    <\/div>\n    <div class=\"card red\">\n      <div class=\"card-icon\">\ud83d\udca5<\/div>\n      <h3>Sem Equil\u00edbrio<\/h3>\n      <p>Instabilidade pol\u00edtica, paralisia decis\u00f3ria, queda de investimentos, deteriora\u00e7\u00e3o dos servi\u00e7os p\u00fablicos e concentra\u00e7\u00e3o de poder em atores espec\u00edficos.<\/p>\n    <\/div>\n    <div class=\"card gold\">\n      <div class=\"card-icon\">\ud83d\uddf3\ufe0f<\/div>\n      <h3>Seu Papel em 2026<\/h3>\n      <p>Com 54 cadeiras em disputa, as elei\u00e7\u00f5es de 2026 ser\u00e3o um momento decisivo. Acompanhe os candidatos, exija transpar\u00eancia e vote consciente.<\/p>\n    <\/div>\n  <\/div>\n\n<\/main>\n\n<!-- \u2550\u2550 CTA FOOTER \u2550\u2550 -->\n<footer class=\"cta-footer\">\n  <h2>Democracia se constr\u00f3i<br>com <em>cidad\u00e3os atentos<\/em><\/h2>\n  <p>O Senado exerce seu poder \u2014 cabe a n\u00f3s garantir que esse poder seja usado para o bem da na\u00e7\u00e3o. Em 2026, cada voto conta.<\/p>\n  <span class=\"cta-badge\">Acompanhe \u00b7 Questione \u00b7 Vote<\/span>\n<\/footer>\n\n<\/body>\n<\/html>\n","protected":false},"excerpt":{"rendered":"<p>A For\u00e7a do Senado e os Riscos do Conflito Institucional An\u00e1lise Institucional \u00b7 2026 A<\/p>\n","protected":false},"author":6,"featured_media":2968,"comment_status":"closed","ping_status":"closed","sticky":false,"template":"","format":"standard","meta":{"footnotes":""},"categories":[5,32],"tags":[],"class_list":["post-2969","post","type-post","status-publish","format-standard","has-post-thumbnail","hentry","category-noticias","category-politica"],"yoast_head":"<!-- This site is optimized with the Yoast SEO plugin v25.1 - https:\/\/yoast.com\/wordpress\/plugins\/seo\/ -->\n<title>Os\u00a0Riscos do Conflito Institucional - SENALBAMG<\/title>\n<meta name=\"robots\" content=\"index, follow, max-snippet:-1, max-image-preview:large, max-video-preview:-1\" \/>\n<link rel=\"canonical\" href=\"https:\/\/senalbamg.org.br\/index.php\/2026\/04\/30\/os-riscos-do-conflito-institucional\/\" \/>\n<meta property=\"og:locale\" content=\"pt_PT\" \/>\n<meta property=\"og:type\" content=\"article\" \/>\n<meta property=\"og:title\" content=\"Os\u00a0Riscos do Conflito Institucional - SENALBAMG\" \/>\n<meta property=\"og:description\" content=\"A For\u00e7a do Senado e os Riscos do Conflito Institucional An\u00e1lise Institucional \u00b7 2026 A\" \/>\n<meta property=\"og:url\" content=\"https:\/\/senalbamg.org.br\/index.php\/2026\/04\/30\/os-riscos-do-conflito-institucional\/\" \/>\n<meta property=\"og:site_name\" content=\"SENALBAMG\" \/>\n<meta property=\"article:author\" content=\"https:\/\/www.facebook.com\/manucastelo1\/\" \/>\n<meta property=\"article:published_time\" content=\"2026-04-30T17:31:14+00:00\" \/>\n<meta property=\"article:modified_time\" content=\"2026-04-30T17:31:18+00:00\" \/>\n<meta property=\"og:image\" content=\"https:\/\/senalbamg.org.br\/wp-content\/uploads\/2026\/04\/Gemini_Generated_Image_sq5gpzsq5gpzsq5g-825x1024.png\" \/>\n\t<meta property=\"og:image:width\" content=\"825\" \/>\n\t<meta property=\"og:image:height\" content=\"1024\" \/>\n\t<meta property=\"og:image:type\" content=\"image\/png\" \/>\n<meta name=\"author\" content=\"Senalbamg\" \/>\n<meta name=\"twitter:card\" content=\"summary_large_image\" \/>\n<meta name=\"twitter:creator\" content=\"@manucastelo\" \/>\n<meta name=\"twitter:label1\" content=\"Escrito por\" \/>\n\t<meta name=\"twitter:data1\" content=\"Senalbamg\" \/>\n\t<meta name=\"twitter:label2\" content=\"Tempo estimado de leitura\" \/>\n\t<meta name=\"twitter:data2\" content=\"5 minutos\" \/>\n<script type=\"application\/ld+json\" class=\"yoast-schema-graph\">{\"@context\":\"https:\/\/schema.org\",\"@graph\":[{\"@type\":\"Article\",\"@id\":\"https:\/\/senalbamg.org.br\/index.php\/2026\/04\/30\/os-riscos-do-conflito-institucional\/#article\",\"isPartOf\":{\"@id\":\"https:\/\/senalbamg.org.br\/index.php\/2026\/04\/30\/os-riscos-do-conflito-institucional\/\"},\"author\":{\"name\":\"Senalbamg\",\"@id\":\"https:\/\/senalbamg.org.br\/#\/schema\/person\/a1182b231037888a45ea6853e70d3ba0\"},\"headline\":\"Os\u00a0Riscos do Conflito Institucional\",\"datePublished\":\"2026-04-30T17:31:14+00:00\",\"dateModified\":\"2026-04-30T17:31:18+00:00\",\"mainEntityOfPage\":{\"@id\":\"https:\/\/senalbamg.org.br\/index.php\/2026\/04\/30\/os-riscos-do-conflito-institucional\/\"},\"wordCount\":867,\"publisher\":{\"@id\":\"https:\/\/senalbamg.org.br\/#organization\"},\"image\":{\"@id\":\"https:\/\/senalbamg.org.br\/index.php\/2026\/04\/30\/os-riscos-do-conflito-institucional\/#primaryimage\"},\"thumbnailUrl\":\"https:\/\/senalbamg.org.br\/wp-content\/uploads\/2026\/04\/Gemini_Generated_Image_sq5gpzsq5gpzsq5g.png\",\"articleSection\":[\"Noticias\",\"Pol\u00edtica\"],\"inLanguage\":\"pt-PT\"},{\"@type\":\"WebPage\",\"@id\":\"https:\/\/senalbamg.org.br\/index.php\/2026\/04\/30\/os-riscos-do-conflito-institucional\/\",\"url\":\"https:\/\/senalbamg.org.br\/index.php\/2026\/04\/30\/os-riscos-do-conflito-institucional\/\",\"name\":\"Os\u00a0Riscos do Conflito Institucional - SENALBAMG\",\"isPartOf\":{\"@id\":\"https:\/\/senalbamg.org.br\/#website\"},\"primaryImageOfPage\":{\"@id\":\"https:\/\/senalbamg.org.br\/index.php\/2026\/04\/30\/os-riscos-do-conflito-institucional\/#primaryimage\"},\"image\":{\"@id\":\"https:\/\/senalbamg.org.br\/index.php\/2026\/04\/30\/os-riscos-do-conflito-institucional\/#primaryimage\"},\"thumbnailUrl\":\"https:\/\/senalbamg.org.br\/wp-content\/uploads\/2026\/04\/Gemini_Generated_Image_sq5gpzsq5gpzsq5g.png\",\"datePublished\":\"2026-04-30T17:31:14+00:00\",\"dateModified\":\"2026-04-30T17:31:18+00:00\",\"breadcrumb\":{\"@id\":\"https:\/\/senalbamg.org.br\/index.php\/2026\/04\/30\/os-riscos-do-conflito-institucional\/#breadcrumb\"},\"inLanguage\":\"pt-PT\",\"potentialAction\":[{\"@type\":\"ReadAction\",\"target\":[\"https:\/\/senalbamg.org.br\/index.php\/2026\/04\/30\/os-riscos-do-conflito-institucional\/\"]}]},{\"@type\":\"ImageObject\",\"inLanguage\":\"pt-PT\",\"@id\":\"https:\/\/senalbamg.org.br\/index.php\/2026\/04\/30\/os-riscos-do-conflito-institucional\/#primaryimage\",\"url\":\"https:\/\/senalbamg.org.br\/wp-content\/uploads\/2026\/04\/Gemini_Generated_Image_sq5gpzsq5gpzsq5g.png\",\"contentUrl\":\"https:\/\/senalbamg.org.br\/wp-content\/uploads\/2026\/04\/Gemini_Generated_Image_sq5gpzsq5gpzsq5g.png\",\"width\":1856,\"height\":2304},{\"@type\":\"BreadcrumbList\",\"@id\":\"https:\/\/senalbamg.org.br\/index.php\/2026\/04\/30\/os-riscos-do-conflito-institucional\/#breadcrumb\",\"itemListElement\":[{\"@type\":\"ListItem\",\"position\":1,\"name\":\"In\u00edcio\",\"item\":\"https:\/\/senalbamg.org.br\/\"},{\"@type\":\"ListItem\",\"position\":2,\"name\":\"Os\u00a0Riscos do Conflito Institucional\"}]},{\"@type\":\"WebSite\",\"@id\":\"https:\/\/senalbamg.org.br\/#website\",\"url\":\"https:\/\/senalbamg.org.br\/\",\"name\":\"SENALBAMG\",\"description\":\"Fortale\u00e7a seu sindicato!\",\"publisher\":{\"@id\":\"https:\/\/senalbamg.org.br\/#organization\"},\"potentialAction\":[{\"@type\":\"SearchAction\",\"target\":{\"@type\":\"EntryPoint\",\"urlTemplate\":\"https:\/\/senalbamg.org.br\/?s={search_term_string}\"},\"query-input\":{\"@type\":\"PropertyValueSpecification\",\"valueRequired\":true,\"valueName\":\"search_term_string\"}}],\"inLanguage\":\"pt-PT\"},{\"@type\":\"Organization\",\"@id\":\"https:\/\/senalbamg.org.br\/#organization\",\"name\":\"SENALBAMG\",\"url\":\"https:\/\/senalbamg.org.br\/\",\"logo\":{\"@type\":\"ImageObject\",\"inLanguage\":\"pt-PT\",\"@id\":\"https:\/\/senalbamg.org.br\/#\/schema\/logo\/image\/\",\"url\":\"https:\/\/senalbamg.org.br\/wp-content\/uploads\/2025\/05\/Black-White-Letter-MD-Logo-Instagram-Post-Copia-1.jpg\",\"contentUrl\":\"https:\/\/senalbamg.org.br\/wp-content\/uploads\/2025\/05\/Black-White-Letter-MD-Logo-Instagram-Post-Copia-1.jpg\",\"width\":1080,\"height\":504,\"caption\":\"SENALBAMG\"},\"image\":{\"@id\":\"https:\/\/senalbamg.org.br\/#\/schema\/logo\/image\/\"}},{\"@type\":\"Person\",\"@id\":\"https:\/\/senalbamg.org.br\/#\/schema\/person\/a1182b231037888a45ea6853e70d3ba0\",\"name\":\"Senalbamg\",\"image\":{\"@type\":\"ImageObject\",\"inLanguage\":\"pt-PT\",\"@id\":\"https:\/\/senalbamg.org.br\/#\/schema\/person\/image\/\",\"url\":\"https:\/\/secure.gravatar.com\/avatar\/b03df12ad1668e9441e8303782bc9e63c63c07de35381ddc9ad9105ea877da7f?s=96&d=mm&r=g\",\"contentUrl\":\"https:\/\/secure.gravatar.com\/avatar\/b03df12ad1668e9441e8303782bc9e63c63c07de35381ddc9ad9105ea877da7f?s=96&d=mm&r=g\",\"caption\":\"Senalbamg\"},\"description\":\"O Senalba-MG \u00e9 o sindicato que representa os trabalhadores do Sistema S em Minas Gerais \u2014 Sesi, Senai, Sesc, Senac, Sescoop, Sest, Senat e Senar. Tamb\u00e9m atuamos na defesa dos trabalhadores da Assist\u00eancia Social, abrangendo entidades sem fins lucrativos, associa\u00e7\u00f5es, funda\u00e7\u00f5es, creches, ONGs, OSs, OSCIPs. Nossa base inclui ainda os profissionais dos cursos livres, como os de idiomas, inform\u00e1tica e capacita\u00e7\u00e3o profissional.\",\"sameAs\":[\"https:\/\/senalbamg.org.br\/\",\"https:\/\/www.facebook.com\/manucastelo1\/\",\"https:\/\/www.instagram.com\/manucastelo\/?hl=pt-br\",\"https:\/\/www.linkedin.com\/in\/manucastelo\/\",\"https:\/\/br.pinterest.com\/manucastelo\/\",\"https:\/\/x.com\/manucastelo\",\"https:\/\/www.youtube.com\/@manucastelo1\"],\"url\":\"https:\/\/senalbamg.org.br\/index.php\/author\/manus\/\"}]}<\/script>\n<!-- \/ Yoast SEO plugin. -->","yoast_head_json":{"title":"Os\u00a0Riscos do Conflito Institucional - SENALBAMG","robots":{"index":"index","follow":"follow","max-snippet":"max-snippet:-1","max-image-preview":"max-image-preview:large","max-video-preview":"max-video-preview:-1"},"canonical":"https:\/\/senalbamg.org.br\/index.php\/2026\/04\/30\/os-riscos-do-conflito-institucional\/","og_locale":"pt_PT","og_type":"article","og_title":"Os\u00a0Riscos do Conflito Institucional - SENALBAMG","og_description":"A For\u00e7a do Senado e os Riscos do Conflito Institucional An\u00e1lise Institucional \u00b7 2026 A","og_url":"https:\/\/senalbamg.org.br\/index.php\/2026\/04\/30\/os-riscos-do-conflito-institucional\/","og_site_name":"SENALBAMG","article_author":"https:\/\/www.facebook.com\/manucastelo1\/","article_published_time":"2026-04-30T17:31:14+00:00","article_modified_time":"2026-04-30T17:31:18+00:00","og_image":[{"width":825,"height":1024,"url":"https:\/\/senalbamg.org.br\/wp-content\/uploads\/2026\/04\/Gemini_Generated_Image_sq5gpzsq5gpzsq5g-825x1024.png","type":"image\/png"}],"author":"Senalbamg","twitter_card":"summary_large_image","twitter_creator":"@manucastelo","twitter_misc":{"Escrito por":"Senalbamg","Tempo estimado de leitura":"5 minutos"},"schema":{"@context":"https:\/\/schema.org","@graph":[{"@type":"Article","@id":"https:\/\/senalbamg.org.br\/index.php\/2026\/04\/30\/os-riscos-do-conflito-institucional\/#article","isPartOf":{"@id":"https:\/\/senalbamg.org.br\/index.php\/2026\/04\/30\/os-riscos-do-conflito-institucional\/"},"author":{"name":"Senalbamg","@id":"https:\/\/senalbamg.org.br\/#\/schema\/person\/a1182b231037888a45ea6853e70d3ba0"},"headline":"Os\u00a0Riscos do Conflito Institucional","datePublished":"2026-04-30T17:31:14+00:00","dateModified":"2026-04-30T17:31:18+00:00","mainEntityOfPage":{"@id":"https:\/\/senalbamg.org.br\/index.php\/2026\/04\/30\/os-riscos-do-conflito-institucional\/"},"wordCount":867,"publisher":{"@id":"https:\/\/senalbamg.org.br\/#organization"},"image":{"@id":"https:\/\/senalbamg.org.br\/index.php\/2026\/04\/30\/os-riscos-do-conflito-institucional\/#primaryimage"},"thumbnailUrl":"https:\/\/senalbamg.org.br\/wp-content\/uploads\/2026\/04\/Gemini_Generated_Image_sq5gpzsq5gpzsq5g.png","articleSection":["Noticias","Pol\u00edtica"],"inLanguage":"pt-PT"},{"@type":"WebPage","@id":"https:\/\/senalbamg.org.br\/index.php\/2026\/04\/30\/os-riscos-do-conflito-institucional\/","url":"https:\/\/senalbamg.org.br\/index.php\/2026\/04\/30\/os-riscos-do-conflito-institucional\/","name":"Os\u00a0Riscos do Conflito Institucional - SENALBAMG","isPartOf":{"@id":"https:\/\/senalbamg.org.br\/#website"},"primaryImageOfPage":{"@id":"https:\/\/senalbamg.org.br\/index.php\/2026\/04\/30\/os-riscos-do-conflito-institucional\/#primaryimage"},"image":{"@id":"https:\/\/senalbamg.org.br\/index.php\/2026\/04\/30\/os-riscos-do-conflito-institucional\/#primaryimage"},"thumbnailUrl":"https:\/\/senalbamg.org.br\/wp-content\/uploads\/2026\/04\/Gemini_Generated_Image_sq5gpzsq5gpzsq5g.png","datePublished":"2026-04-30T17:31:14+00:00","dateModified":"2026-04-30T17:31:18+00:00","breadcrumb":{"@id":"https:\/\/senalbamg.org.br\/index.php\/2026\/04\/30\/os-riscos-do-conflito-institucional\/#breadcrumb"},"inLanguage":"pt-PT","potentialAction":[{"@type":"ReadAction","target":["https:\/\/senalbamg.org.br\/index.php\/2026\/04\/30\/os-riscos-do-conflito-institucional\/"]}]},{"@type":"ImageObject","inLanguage":"pt-PT","@id":"https:\/\/senalbamg.org.br\/index.php\/2026\/04\/30\/os-riscos-do-conflito-institucional\/#primaryimage","url":"https:\/\/senalbamg.org.br\/wp-content\/uploads\/2026\/04\/Gemini_Generated_Image_sq5gpzsq5gpzsq5g.png","contentUrl":"https:\/\/senalbamg.org.br\/wp-content\/uploads\/2026\/04\/Gemini_Generated_Image_sq5gpzsq5gpzsq5g.png","width":1856,"height":2304},{"@type":"BreadcrumbList","@id":"https:\/\/senalbamg.org.br\/index.php\/2026\/04\/30\/os-riscos-do-conflito-institucional\/#breadcrumb","itemListElement":[{"@type":"ListItem","position":1,"name":"In\u00edcio","item":"https:\/\/senalbamg.org.br\/"},{"@type":"ListItem","position":2,"name":"Os\u00a0Riscos do Conflito Institucional"}]},{"@type":"WebSite","@id":"https:\/\/senalbamg.org.br\/#website","url":"https:\/\/senalbamg.org.br\/","name":"SENALBAMG","description":"Fortale\u00e7a seu sindicato!","publisher":{"@id":"https:\/\/senalbamg.org.br\/#organization"},"potentialAction":[{"@type":"SearchAction","target":{"@type":"EntryPoint","urlTemplate":"https:\/\/senalbamg.org.br\/?s={search_term_string}"},"query-input":{"@type":"PropertyValueSpecification","valueRequired":true,"valueName":"search_term_string"}}],"inLanguage":"pt-PT"},{"@type":"Organization","@id":"https:\/\/senalbamg.org.br\/#organization","name":"SENALBAMG","url":"https:\/\/senalbamg.org.br\/","logo":{"@type":"ImageObject","inLanguage":"pt-PT","@id":"https:\/\/senalbamg.org.br\/#\/schema\/logo\/image\/","url":"https:\/\/senalbamg.org.br\/wp-content\/uploads\/2025\/05\/Black-White-Letter-MD-Logo-Instagram-Post-Copia-1.jpg","contentUrl":"https:\/\/senalbamg.org.br\/wp-content\/uploads\/2025\/05\/Black-White-Letter-MD-Logo-Instagram-Post-Copia-1.jpg","width":1080,"height":504,"caption":"SENALBAMG"},"image":{"@id":"https:\/\/senalbamg.org.br\/#\/schema\/logo\/image\/"}},{"@type":"Person","@id":"https:\/\/senalbamg.org.br\/#\/schema\/person\/a1182b231037888a45ea6853e70d3ba0","name":"Senalbamg","image":{"@type":"ImageObject","inLanguage":"pt-PT","@id":"https:\/\/senalbamg.org.br\/#\/schema\/person\/image\/","url":"https:\/\/secure.gravatar.com\/avatar\/b03df12ad1668e9441e8303782bc9e63c63c07de35381ddc9ad9105ea877da7f?s=96&d=mm&r=g","contentUrl":"https:\/\/secure.gravatar.com\/avatar\/b03df12ad1668e9441e8303782bc9e63c63c07de35381ddc9ad9105ea877da7f?s=96&d=mm&r=g","caption":"Senalbamg"},"description":"O Senalba-MG \u00e9 o sindicato que representa os trabalhadores do Sistema S em Minas Gerais \u2014 Sesi, Senai, Sesc, Senac, Sescoop, Sest, Senat e Senar. Tamb\u00e9m atuamos na defesa dos trabalhadores da Assist\u00eancia Social, abrangendo entidades sem fins lucrativos, associa\u00e7\u00f5es, funda\u00e7\u00f5es, creches, ONGs, OSs, OSCIPs. Nossa base inclui ainda os profissionais dos cursos livres, como os de idiomas, inform\u00e1tica e capacita\u00e7\u00e3o profissional.","sameAs":["https:\/\/senalbamg.org.br\/","https:\/\/www.facebook.com\/manucastelo1\/","https:\/\/www.instagram.com\/manucastelo\/?hl=pt-br","https:\/\/www.linkedin.com\/in\/manucastelo\/","https:\/\/br.pinterest.com\/manucastelo\/","https:\/\/x.com\/manucastelo","https:\/\/www.youtube.com\/@manucastelo1"],"url":"https:\/\/senalbamg.org.br\/index.php\/author\/manus\/"}]}},"_links":{"self":[{"href":"https:\/\/senalbamg.org.br\/index.php\/wp-json\/wp\/v2\/posts\/2969","targetHints":{"allow":["GET"]}}],"collection":[{"href":"https:\/\/senalbamg.org.br\/index.php\/wp-json\/wp\/v2\/posts"}],"about":[{"href":"https:\/\/senalbamg.org.br\/index.php\/wp-json\/wp\/v2\/types\/post"}],"author":[{"embeddable":true,"href":"https:\/\/senalbamg.org.br\/index.php\/wp-json\/wp\/v2\/users\/6"}],"replies":[{"embeddable":true,"href":"https:\/\/senalbamg.org.br\/index.php\/wp-json\/wp\/v2\/comments?post=2969"}],"version-history":[{"count":1,"href":"https:\/\/senalbamg.org.br\/index.php\/wp-json\/wp\/v2\/posts\/2969\/revisions"}],"predecessor-version":[{"id":2970,"href":"https:\/\/senalbamg.org.br\/index.php\/wp-json\/wp\/v2\/posts\/2969\/revisions\/2970"}],"wp:featuredmedia":[{"embeddable":true,"href":"https:\/\/senalbamg.org.br\/index.php\/wp-json\/wp\/v2\/media\/2968"}],"wp:attachment":[{"href":"https:\/\/senalbamg.org.br\/index.php\/wp-json\/wp\/v2\/media?parent=2969"}],"wp:term":[{"taxonomy":"category","embeddable":true,"href":"https:\/\/senalbamg.org.br\/index.php\/wp-json\/wp\/v2\/categories?post=2969"},{"taxonomy":"post_tag","embeddable":true,"href":"https:\/\/senalbamg.org.br\/index.php\/wp-json\/wp\/v2\/tags?post=2969"}],"curies":[{"name":"wp","href":"https:\/\/api.w.org\/{rel}","templated":true}]}}