{"id":2961,"date":"2026-04-30T12:41:06","date_gmt":"2026-04-30T15:41:06","guid":{"rendered":"https:\/\/senalbamg.org.br\/?p=2961"},"modified":"2026-04-30T16:27:37","modified_gmt":"2026-04-30T19:27:37","slug":"sorteio-mes-do-trabalhador","status":"publish","type":"post","link":"https:\/\/senalbamg.org.br\/index.php\/2026\/04\/30\/sorteio-mes-do-trabalhador\/","title":{"rendered":"Sorteio m\u00eas do trabalhador"},"content":{"rendered":"\n<style>\n  .senalba-trabalhador {\n    --azul-profundo: #06233f;\n    --azul-noite: #03172c;\n    --azul-card: #0b3854;\n    --turquesa: #007a83;\n    --turquesa-claro: #e7fbfb;\n    --dourado: #d9a441;\n    --dourado-claro: #f5d889;\n    --branco: #ffffff;\n    --offwhite: #fff8ec;\n    --texto: #142033;\n    --cinza: #536070;\n    --sombra: 0 20px 45px rgba(0, 0, 0, 0.16);\n    font-family: Arial, Helvetica, sans-serif;\n    color: var(--texto);\n    line-height: 1.65;\n    max-width: 1180px;\n    margin: 0 auto;\n    overflow: hidden;\n    border-radius: 28px;\n    background: #ffffff;\n  }\n\n  .senalba-trabalhador * {\n    box-sizing: border-box;\n  }\n\n  .st-hero {\n    position: relative;\n    min-height: 680px;\n    padding: 58px 42px;\n    display: grid;\n    grid-template-columns: 1.1fr 0.9fr;\n    gap: 36px;\n    align-items: center;\n    background:\n      linear-gradient(90deg, rgba(3, 23, 44, 0.97) 0%, rgba(6, 35, 63, 0.92) 48%, rgba(6, 35, 63, 0.28) 100%),\n      url(\"https:\/\/senalbamg.org.br\/wp-content\/uploads\/2026\/04\/Gemini_Generated_Image_nooszfnooszfnoos-scaled.png\") center\/cover no-repeat;\n    color: #ffffff !important;\n    border-radius: 28px 28px 0 0;\n  }\n\n  .st-hero::after {\n    content: \"\";\n    position: absolute;\n    inset: 22px;\n    border: 1px solid rgba(245, 216, 137, 0.45);\n    border-radius: 24px;\n    pointer-events: none;\n  }\n\n  .st-hero-content {\n    position: relative;\n    z-index: 2;\n  }\n\n  .st-kicker {\n    display: inline-flex;\n    align-items: center;\n    gap: 10px;\n    padding: 9px 16px;\n    background: rgba(217, 164, 65, 0.16);\n    color: #f5d889 !important;\n    border: 1px solid rgba(245, 216, 137, 0.45);\n    border-radius: 999px;\n    font-size: 0.92rem;\n    font-weight: 800;\n    letter-spacing: 0.04em;\n    text-transform: uppercase;\n    margin-bottom: 18px;\n  }\n\n  .senalba-trabalhador .st-hero h1 {\n    margin: 0 0 18px !important;\n    padding: 0 !important;\n    font-size: clamp(2.6rem, 5vw, 5rem) !important;\n    line-height: 0.98 !important;\n    font-weight: 900 !important;\n    letter-spacing: -0.05em !important;\n    color: #ffffff !important;\n    -webkit-text-fill-color: #ffffff !important;\n    text-shadow: 0 4px 18px rgba(0, 0, 0, 0.28);\n  }\n\n  .senalba-trabalhador .st-hero h1 span {\n    display: block;\n    color: #f5d889 !important;\n    -webkit-text-fill-color: #f5d889 !important;\n  }\n\n  .senalba-trabalhador .st-subtitle {\n    font-size: clamp(1.15rem, 2vw, 1.55rem) !important;\n    max-width: 650px;\n    margin: 0 0 28px !important;\n    color: rgba(255, 255, 255, 0.94) !important;\n    -webkit-text-fill-color: rgba(255, 255, 255, 0.94) !important;\n  }\n\n  .st-subtitle strong {\n    color: #f5d889 !important;\n    -webkit-text-fill-color: #f5d889 !important;\n  }\n\n  .st-warning {\n    margin-top: 20px;\n    padding: 18px 20px;\n    border-radius: 20px;\n    background: rgba(245, 216, 137, 0.15);\n    border: 1px solid rgba(245, 216, 137, 0.45);\n    color: rgba(255, 255, 255, 0.94) !important;\n    font-weight: 700;\n  }\n\n  .st-warning strong {\n    color: #f5d889 !important;\n  }\n\n  .st-actions {\n    display: flex;\n    gap: 14px;\n    flex-wrap: wrap;\n    margin-top: 26px;\n  }\n\n  .st-btn {\n    display: inline-flex;\n    align-items: center;\n    justify-content: center;\n    min-height: 54px;\n    padding: 15px 24px;\n    border-radius: 999px;\n    text-decoration: none !important;\n    font-weight: 900;\n    font-size: 0.98rem;\n    transition: 0.25s ease;\n    border: 2px solid transparent;\n    box-shadow: 0 12px 28px rgba(0, 0, 0, 0.18);\n  }\n\n  .st-btn-primary {\n    background: linear-gradient(135deg, var(--dourado-claro), var(--dourado));\n    color: #08233d !important;\n  }\n\n  .st-btn-secondary {\n    background: rgba(255, 255, 255, 0.1);\n    color: #ffffff !important;\n    border-color: rgba(255, 255, 255, 0.55);\n    backdrop-filter: blur(6px);\n  }\n\n  .st-btn:hover {\n    transform: translateY(-2px);\n    filter: brightness(1.04);\n  }\n\n  .st-hero-card {\n    position: relative;\n    z-index: 2;\n    background: rgba(255, 248, 236, 0.96);\n    border: 1px solid rgba(245, 216, 137, 0.8);\n    border-radius: 28px;\n    padding: 24px;\n    color: var(--azul-profundo);\n    box-shadow: var(--sombra);\n  }\n\n  .st-hero-card img {\n    width: 100%;\n    display: block;\n    max-height: 440px;\n    object-fit: contain;\n    filter: drop-shadow(0 18px 24px rgba(0, 0, 0, 0.2));\n  }\n\n  .st-prize-pill {\n    background: var(--azul-profundo);\n    color: #ffffff !important;\n    padding: 18px;\n    border-radius: 22px;\n    text-align: center;\n    margin-top: 12px;\n    border: 1px solid rgba(217, 164, 65, 0.5);\n  }\n\n  .st-prize-pill strong {\n    display: block;\n    color: #f5d889 !important;\n    font-size: 2.2rem;\n    line-height: 1;\n  }\n\n  .st-section {\n    padding: 58px 42px !important;\n  }\n\n  .st-section:nth-child(even) {\n    background: linear-gradient(180deg, #ffffff 0%, #f4fbfb 100%);\n  }\n\n  .senalba-trabalhador .st-section-dark {\n    background:\n      linear-gradient(135deg, rgba(3, 23, 44, 0.96), rgba(6, 53, 80, 0.94)),\n      url(\"https:\/\/senalbamg.org.br\/wp-content\/uploads\/2026\/04\/Gemini_Generated_Image_nooszfnooszfnoos-scaled.png\") center\/cover no-repeat !important;\n    color: #ffffff !important;\n  }\n\n  .senalba-trabalhador .st-title-row {\n    max-width: 900px;\n    margin-bottom: 22px !important;\n  }\n\n  .senalba-trabalhador .st-title-row .st-label {\n    display: block;\n    margin: 0 0 8px !important;\n    color: #007a83 !important;\n    font-weight: 900;\n    text-transform: uppercase;\n    letter-spacing: 0.07em;\n    font-size: 0.88rem;\n    line-height: 1.2 !important;\n  }\n\n  .senalba-trabalhador .st-section-dark .st-title-row .st-label {\n    color: #f5d889 !important;\n  }\n\n  .senalba-trabalhador .st-title-row h2 {\n    margin: 0 0 12px !important;\n    padding: 0 !important;\n    font-size: clamp(2.1rem, 3.2vw, 3rem) !important;\n    line-height: 1.08 !important;\n    letter-spacing: -0.03em !important;\n    color: #06233f !important;\n    -webkit-text-fill-color: #06233f !important;\n  }\n\n  .senalba-trabalhador .st-section-dark .st-title-row h2 {\n    color: #ffffff !important;\n    -webkit-text-fill-color: #ffffff !important;\n    text-shadow: 0 2px 10px rgba(0, 0, 0, 0.18);\n  }\n\n  .senalba-trabalhador .st-title-row p {\n    margin: 0 !important;\n    padding: 0 !important;\n    color: #536070 !important;\n    font-size: 1.05rem !important;\n    line-height: 1.6 !important;\n  }\n\n  .senalba-trabalhador .st-section-dark .st-title-row p {\n    color: rgba(255, 255, 255, 0.88) !important;\n    -webkit-text-fill-color: rgba(255, 255, 255, 0.88) !important;\n  }\n\n  .st-grid-3 {\n    display: grid;\n    grid-template-columns: repeat(3, 1fr);\n    gap: 18px;\n  }\n\n  .st-stat {\n    background: #ffffff;\n    border: 1px solid rgba(0, 122, 131, 0.14);\n    border-radius: 24px;\n    padding: 24px;\n    box-shadow: 0 16px 34px rgba(6, 35, 63, 0.08);\n  }\n\n  .st-stat-icon {\n    width: 52px;\n    height: 52px;\n    border-radius: 16px;\n    display: grid;\n    place-items: center;\n    background: linear-gradient(135deg, var(--turquesa), var(--azul-card));\n    color: var(--dourado-claro);\n    font-size: 1.55rem;\n    margin-bottom: 14px;\n    font-weight: 900;\n  }\n\n  .st-stat strong {\n    display: block;\n    color: var(--azul-profundo);\n    font-size: 1.35rem;\n    line-height: 1.15;\n    margin-bottom: 8px;\n  }\n\n  .st-stat p {\n    margin: 0;\n    color: var(--cinza);\n  }\n\n  .st-feature {\n    display: grid;\n    grid-template-columns: 0.95fr 1.05fr;\n    gap: 34px;\n    align-items: center;\n  }\n\n  .st-feature-image {\n    background: linear-gradient(180deg, #e9fbfa, #fff4db);\n    border-radius: 30px;\n    padding: 22px;\n    border: 1px solid rgba(217, 164, 65, 0.35);\n    box-shadow: 0 18px 40px rgba(6, 35, 63, 0.1);\n    text-align: center;\n  }\n\n  .st-feature-image img {\n    width: 100%;\n    max-height: 520px;\n    object-fit: contain;\n    display: block;\n  }\n\n  .st-feature-text h2 {\n    margin: 0 0 18px !important;\n    font-size: clamp(1.8rem, 3.3vw, 3.1rem) !important;\n    line-height: 1.08 !important;\n    color: var(--azul-profundo) !important;\n    -webkit-text-fill-color: var(--azul-profundo) !important;\n  }\n\n  .st-feature-text p {\n    font-size: 1.08rem;\n    color: var(--cinza);\n    margin: 0 0 16px;\n  }\n\n  .st-highlight-box {\n    padding: 22px;\n    border-radius: 24px;\n    background: linear-gradient(135deg, var(--azul-profundo), var(--turquesa));\n    color: #ffffff;\n    border: 1px solid rgba(245, 216, 137, 0.5);\n    margin-top: 22px;\n    box-shadow: 0 15px 32px rgba(6, 35, 63, 0.15);\n  }\n\n  .st-highlight-box strong {\n    color: var(--dourado-claro);\n  }\n\n  .st-cards {\n    display: grid;\n    grid-template-columns: repeat(2, 1fr);\n    gap: 22px;\n    margin-top: 28px;\n  }\n\n  .st-prize-card {\n    position: relative;\n    overflow: hidden;\n    min-height: 330px;\n    padding: 28px;\n    border-radius: 28px;\n    background: linear-gradient(135deg, #ffffff, #fff8ec);\n    border: 1px solid rgba(217, 164, 65, 0.35);\n    box-shadow: 0 18px 42px rgba(6, 35, 63, 0.1);\n  }\n\n  .st-prize-card::before {\n    content: \"\";\n    position: absolute;\n    width: 180px;\n    height: 180px;\n    right: -70px;\n    top: -70px;\n    background: rgba(217, 164, 65, 0.18);\n    border-radius: 999px;\n  }\n\n  .st-prize-card .st-badge {\n    display: inline-block;\n    padding: 7px 12px;\n    border-radius: 999px;\n    background: var(--azul-profundo);\n    color: var(--dourado-claro);\n    font-weight: 900;\n    font-size: 0.82rem;\n    text-transform: uppercase;\n    letter-spacing: 0.04em;\n    margin-bottom: 14px;\n  }\n\n  .st-prize-card h3 {\n    margin: 0 0 12px !important;\n    color: var(--azul-profundo) !important;\n    -webkit-text-fill-color: var(--azul-profundo) !important;\n    font-size: 1.55rem;\n    line-height: 1.15;\n  }\n\n  .st-prize-card p {\n    margin: 0 0 16px;\n    color: var(--cinza);\n  }\n\n  .st-prize-card strong {\n    color: var(--turquesa);\n  }\n\n  .st-mini-note {\n    padding: 14px 16px;\n    border-radius: 18px;\n    background: var(--turquesa-claro);\n    color: var(--azul-profundo);\n    font-weight: 700;\n  }\n\n  .st-steps {\n    display: grid;\n    grid-template-columns: 1fr 1fr;\n    gap: 22px;\n    align-items: start;\n  }\n\n  .st-step-list {\n    display: grid;\n    gap: 14px;\n  }\n\n  .st-step {\n    display: grid;\n    grid-template-columns: 58px 1fr;\n    gap: 16px;\n    align-items: center;\n    padding: 18px;\n    border-radius: 22px;\n    background: #ffffff;\n    color: var(--azul-profundo);\n    border: 1px solid rgba(217, 164, 65, 0.3);\n    box-shadow: 0 12px 26px rgba(0, 0, 0, 0.08);\n  }\n\n  .st-step-number {\n    width: 54px;\n    height: 54px;\n    border-radius: 18px;\n    display: grid;\n    place-items: center;\n    background: linear-gradient(135deg, var(--dourado-claro), var(--dourado));\n    color: var(--azul-profundo);\n    font-size: 1.3rem;\n    font-weight: 900;\n  }\n\n  .st-step strong {\n    display: block;\n    font-size: 1.08rem;\n    line-height: 1.25;\n    color: var(--azul-profundo);\n  }\n\n  .st-step span {\n    color: var(--cinza);\n    font-size: 0.95rem;\n  }\n\n  .st-steps-visual {\n    background: rgba(255, 255, 255, 0.09);\n    border: 1px solid rgba(245, 216, 137, 0.32);\n    border-radius: 28px;\n    padding: 24px;\n    text-align: center;\n  }\n\n  .st-steps-visual img {\n    width: 100%;\n    max-height: 460px;\n    object-fit: contain;\n    filter: drop-shadow(0 16px 24px rgba(0, 0, 0, 0.18));\n  }\n\n  .st-eligibility {\n    display: grid;\n    grid-template-columns: 1fr 1fr;\n    gap: 22px;\n  }\n\n  .st-list-card {\n    background: #ffffff;\n    border-radius: 26px;\n    padding: 26px;\n    border: 1px solid rgba(0, 122, 131, 0.12);\n    box-shadow: 0 16px 34px rgba(6, 35, 63, 0.08);\n  }\n\n  .st-list-card h3 {\n    margin: 0 0 16px !important;\n    color: var(--azul-profundo) !important;\n    -webkit-text-fill-color: var(--azul-profundo) !important;\n    font-size: 1.45rem;\n  }\n\n  .st-list-card ul {\n    margin: 0;\n    padding: 0;\n    list-style: none;\n    display: grid;\n    gap: 12px;\n  }\n\n  .st-list-card li {\n    position: relative;\n    padding-left: 34px;\n    color: var(--cinza);\n  }\n\n  .st-list-card li::before {\n    content: \"\u2713\";\n    position: absolute;\n    left: 0;\n    top: 0;\n    width: 24px;\n    height: 24px;\n    display: grid;\n    place-items: center;\n    border-radius: 999px;\n    background: var(--turquesa);\n    color: #ffffff;\n    font-size: 0.78rem;\n    font-weight: 900;\n  }\n\n  .st-list-card.st-alert li::before {\n    content: \"!\";\n    background: var(--dourado);\n    color: var(--azul-profundo);\n  }\n\n  .st-callout {\n    margin-top: 26px;\n    padding: 28px;\n    border-radius: 28px;\n    background: linear-gradient(135deg, #fff8ec, #e7fbfb);\n    border: 1px solid rgba(217, 164, 65, 0.35);\n    display: grid;\n    grid-template-columns: 1fr 250px;\n    gap: 22px;\n    align-items: center;\n  }\n\n  .st-callout h3 {\n    margin: 0 0 10px !important;\n    color: var(--azul-profundo) !important;\n    -webkit-text-fill-color: var(--azul-profundo) !important;\n    font-size: 1.65rem;\n  }\n\n  .st-callout p {\n    margin: 0 0 12px;\n    color: var(--cinza);\n  }\n\n  .st-callout img {\n    width: 100%;\n    max-height: 260px;\n    object-fit: contain;\n  }\n\n  .st-faq {\n    display: grid;\n    gap: 12px;\n    margin-top: 26px;\n  }\n\n  .st-faq details {\n    background: #ffffff;\n    border: 1px solid rgba(6, 35, 63, 0.12);\n    border-radius: 18px;\n    padding: 0;\n    overflow: hidden;\n    box-shadow: 0 10px 22px rgba(6, 35, 63, 0.06);\n  }\n\n  .st-faq summary {\n    cursor: pointer;\n    padding: 18px 20px;\n    font-weight: 900;\n    color: var(--azul-profundo);\n    list-style: none;\n  }\n\n  .st-faq summary::-webkit-details-marker {\n    display: none;\n  }\n\n  .st-faq summary::after {\n    content: \"+\";\n    float: right;\n    color: var(--dourado);\n    font-size: 1.3rem;\n  }\n\n  .st-faq details[open] summary::after {\n    content: \"-\";\n  }\n\n  .st-faq .st-faq-content {\n    padding: 0 20px 18px;\n    color: var(--cinza);\n  }\n\n  .st-final-cta {\n    text-align: center;\n    padding: 58px 42px;\n    background:\n      linear-gradient(135deg, rgba(3, 23, 44, 0.96), rgba(0, 122, 131, 0.9)),\n      url(\"https:\/\/senalbamg.org.br\/wp-content\/uploads\/2026\/04\/Gemini_Generated_Image_nooszfnooszfnoos-scaled.png\") center\/cover no-repeat;\n    color: #ffffff !important;\n    border-radius: 0 0 28px 28px;\n  }\n\n  .st-final-cta img {\n    width: min(330px, 80%);\n    margin: 0 auto 16px;\n    display: block;\n    filter: drop-shadow(0 18px 24px rgba(0, 0, 0, 0.22));\n  }\n\n  .st-final-cta h2 {\n    margin: 0 0 12px !important;\n    font-size: clamp(1.9rem, 3.7vw, 3.2rem) !important;\n    line-height: 1.08 !important;\n    color: #ffffff !important;\n    -webkit-text-fill-color: #ffffff !important;\n  }\n\n  .st-final-cta p {\n    max-width: 760px;\n    margin: 0 auto 24px;\n    color: rgba(255, 255, 255, 0.88) !important;\n    font-size: 1.08rem;\n  }\n\n  .st-note {\n    margin-top: 24px;\n    font-size: 0.92rem;\n    color: rgba(255, 255, 255, 0.72);\n  }\n\n  @media (max-width: 900px) {\n    .st-hero,\n    .st-feature,\n    .st-steps,\n    .st-eligibility,\n    .st-callout {\n      grid-template-columns: 1fr;\n    }\n\n    .st-grid-3,\n    .st-cards {\n      grid-template-columns: 1fr;\n    }\n\n    .st-hero {\n      padding: 42px 22px;\n    }\n\n    .st-section,\n    .st-final-cta {\n      padding: 42px 22px !important;\n    }\n\n    .st-hero-card img,\n    .st-feature-image img,\n    .st-steps-visual img {\n      max-height: 380px;\n    }\n\n    .senalba-trabalhador .st-title-row h2 {\n      font-size: clamp(1.8rem, 6vw, 2.4rem) !important;\n    }\n  }\n\n  @media (max-width: 520px) {\n    .senalba-trabalhador {\n      border-radius: 18px;\n    }\n\n    .st-hero {\n      border-radius: 18px 18px 0 0;\n    }\n\n    .st-hero::after {\n      inset: 12px;\n      border-radius: 16px;\n    }\n\n    .st-actions {\n      flex-direction: column;\n    }\n\n    .st-btn {\n      width: 100%;\n    }\n\n    .st-step {\n      grid-template-columns: 48px 1fr;\n      padding: 15px;\n    }\n\n    .st-step-number {\n      width: 46px;\n      height: 46px;\n      border-radius: 14px;\n    }\n\n    .st-final-cta {\n      border-radius: 0 0 18px 18px;\n    }\n  }\n<\/style>\n\n<div class=\"senalba-trabalhador\">\n\n  <section class=\"st-hero\">\n    <div class=\"st-hero-content\">\n      <div class=\"st-kicker\">M\u00eas do Trabalhador 2026<\/div>\n\n      <h1>\n        Quem luta\n        <span>tamb\u00e9m merece descanso<\/span>\n      <\/h1>\n\n      <p class=\"st-subtitle\">\n        Em homenagem ao M\u00eas do Trabalhador, o <strong>SENALBA MG<\/strong> vai sortear\n        <strong>2 vales-viagem de R$ 5.000,00 cada<\/strong> para s\u00f3cios com contribui\u00e7\u00e3o mensal ativa e regular.\n      <\/p>\n\n      <div class=\"st-warning\">\n        <strong>Aten\u00e7\u00e3o:<\/strong> para participar, \u00e9 necess\u00e1rio ser associado efetivo do SENALBA MG h\u00e1 mais de 6 meses em rela\u00e7\u00e3o ao Dia do Trabalhador, 1\u00ba de maio de 2026. Na pr\u00e1tica, participam os associados admitidos at\u00e9 31\/10\/2025, com mensalidade ativa e regular.\n      <\/div>\n\n      <div class=\"st-actions\">\n        <a class=\"st-btn st-btn-primary\" href=\"https:\/\/forms.gle\/HAH8pVGuyrJ198G78\" target=\"_blank\" rel=\"noopener\">\n          Preencher formul\u00e1rio\n        <\/a>\n        <a class=\"st-btn st-btn-secondary\" href=\"https:\/\/senalbamg.org.br\/wp-content\/uploads\/2026\/04\/Regulamento-sorteio-do-Trabalhador-final.pdf\" target=\"_blank\" rel=\"noopener\">\n          Baixar regulamento\n        <\/a>\n      <\/div>\n    <\/div>\n\n    <div class=\"st-hero-card\">\n      <img decoding=\"async\" src=\"https:\/\/senalbamg.org.br\/wp-content\/uploads\/2026\/04\/Com-o-cupon-de-ganhador.png\" alt=\"Mascote da campanha segurando cupom do sorteio\">\n      <div class=\"st-prize-pill\">\n        <span>Sorteio de<\/span>\n        <strong>2 vales-viagem<\/strong>\n        <span>R$ 5.000,00 cada<\/span>\n      <\/div>\n    <\/div>\n  <\/section>\n\n  <section class=\"st-section\">\n    <div class=\"st-title-row\">\n      <div class=\"st-label\">Uma homenagem a quem fortalece a luta coletiva<\/div>\n      <h2>Maio \u00e9 m\u00eas de lembrar que descanso tamb\u00e9m \u00e9 dignidade<\/h2>\n      <p>\n        O Dia do Trabalhador n\u00e3o \u00e9 apenas uma data comemorativa. Ele carrega uma hist\u00f3ria de luta por direitos, por jornadas mais humanas, por melhores condi\u00e7\u00f5es de trabalho e por reconhecimento.\n      <\/p>\n    <\/div>\n\n    <div class=\"st-grid-3\">\n      <div class=\"st-stat\">\n        <div class=\"st-stat-icon\">\u2708<\/div>\n        <strong>2 vales-viagem<\/strong>\n        <p>Ser\u00e3o sorteados dois vouchers para que os trabalhadores contemplados possam planejar um merecido per\u00edodo de descanso.<\/p>\n      <\/div>\n\n      <div class=\"st-stat\">\n        <div class=\"st-stat-icon\">R$<\/div>\n        <strong>R$ 5.000,00 cada<\/strong>\n        <p>Cada vale ter\u00e1 o valor de R$ 5.000,00 para uso conforme as condi\u00e7\u00f5es da ag\u00eancia respons\u00e1vel e do regulamento.<\/p>\n      <\/div>\n\n      <div class=\"st-stat\">\n        <div class=\"st-stat-icon\">6+<\/div>\n        <strong>Mais de 6 meses de associa\u00e7\u00e3o<\/strong>\n        <p>Participam os associados admitidos at\u00e9 31\/10\/2025, com contribui\u00e7\u00e3o mensal ativa e regular.<\/p>\n      <\/div>\n    <\/div>\n  <\/section>\n\n  <section class=\"st-section\">\n    <div class=\"st-feature\">\n      <div class=\"st-feature-image\">\n        <img decoding=\"async\" src=\"https:\/\/senalbamg.org.br\/wp-content\/uploads\/2026\/04\/Mostrando-os-premios.png\" alt=\"Mascote apresentando os pr\u00eamios da campanha\">\n      <\/div>\n\n      <div class=\"st-feature-text\">\n        <h2>O que ser\u00e1 sorteado?<\/h2>\n        <p>\n          O SENALBA MG vai sortear <strong>2 vales-viagem no valor de R$ 5.000,00 cada<\/strong>, divididos entre os associados da capital, regi\u00e3o metropolitana e interior de Minas Gerais.\n        <\/p>\n        <p>\n          O trabalhador contemplado poder\u00e1 escolher o destino de sua prefer\u00eancia, respeitando as condi\u00e7\u00f5es de disponibilidade, datas, valores, hospedagem, transporte e demais regras da ag\u00eancia respons\u00e1vel.\n        <\/p>\n        <div class=\"st-highlight-box\">\n          <strong>Importante:<\/strong> se o pacote escolhido ultrapassar R$ 5.000,00, a diferen\u00e7a ser\u00e1 paga pelo contemplado. Se o valor for menor, n\u00e3o haver\u00e1 troco, saldo ou convers\u00e3o em dinheiro.\n        <\/div>\n      <\/div>\n    <\/div>\n\n    <div class=\"st-cards\">\n      <div class=\"st-prize-card\">\n        <span class=\"st-badge\">Pr\u00eamio 1<\/span>\n        <h3>Capital e regi\u00e3o metropolitana<\/h3>\n        <p>\n          Um vale-viagem de <strong>R$ 5.000,00<\/strong> ser\u00e1 sorteado entre os s\u00f3cios efetivos da capital e regi\u00e3o metropolitana que estiverem aptos conforme o regulamento.\n        <\/p>\n        <div class=\"st-mini-note\">Uma oportunidade para sair da rotina e viver dias de descanso.<\/div>\n      <\/div>\n\n      <div class=\"st-prize-card\">\n        <span class=\"st-badge\">Pr\u00eamio 2<\/span>\n        <h3>Interior de Minas Gerais<\/h3>\n        <p>\n          Um vale-viagem de <strong>R$ 5.000,00<\/strong> ser\u00e1 sorteado entre os s\u00f3cios efetivos do interior de Minas Gerais que preencherem corretamente o formul\u00e1rio.\n        <\/p>\n        <div class=\"st-mini-note\">Porque a valoriza\u00e7\u00e3o precisa alcan\u00e7ar toda a base representada.<\/div>\n      <\/div>\n    <\/div>\n  <\/section>\n\n  <section class=\"st-section st-section-dark\">\n    <div class=\"st-title-row\">\n      <div class=\"st-label\">Como participar<\/div>\n      <h2>Participe em poucos passos<\/h2>\n      <p>\n        Preencha o formul\u00e1rio oficial, confira seus dados com aten\u00e7\u00e3o e aguarde a valida\u00e7\u00e3o da sua inscri\u00e7\u00e3o pelo SENALBA MG.\n      <\/p>\n    <\/div>\n\n    <div class=\"st-steps\">\n      <div class=\"st-step-list\">\n        <div class=\"st-step\">\n          <div class=\"st-step-number\">1<\/div>\n          <div>\n            <strong>Preencha o formul\u00e1rio oficial<\/strong>\n            <span>Use o bot\u00e3o dispon\u00edvel nesta p\u00e1gina para acessar o formul\u00e1rio.<\/span>\n          <\/div>\n        <\/div>\n\n        <div class=\"st-step\">\n          <div class=\"st-step-number\">2<\/div>\n          <div>\n            <strong>Inscreva-se entre 01\/05 e 28\/05<\/strong>\n            <span>Somente inscri\u00e7\u00f5es enviadas dentro do prazo ser\u00e3o consideradas.<\/span>\n          <\/div>\n        <\/div>\n\n        <div class=\"st-step\">\n          <div class=\"st-step-number\">3<\/div>\n          <div>\n            <strong>Informe seus dados corretamente<\/strong>\n            <span>Nome, CPF, telefone, e-mail, cidade e demais informa\u00e7\u00f5es devem estar corretos.<\/span>\n          <\/div>\n        <\/div>\n\n        <div class=\"st-step\">\n          <div class=\"st-step-number\">4<\/div>\n          <div>\n            <strong>Aceite o regulamento<\/strong>\n            <span>O aceite confirma que voc\u00ea est\u00e1 ciente das regras da campanha.<\/span>\n          <\/div>\n        <\/div>\n\n        <div class=\"st-step\">\n          <div class=\"st-step-number\">5<\/div>\n          <div>\n            <strong>Aguarde a valida\u00e7\u00e3o da inscri\u00e7\u00e3o<\/strong>\n            <span>O SENALBA MG conferir\u00e1 a data de associa\u00e7\u00e3o, a regularidade da contribui\u00e7\u00e3o e os dados cadastrais.<\/span>\n          <\/div>\n        <\/div>\n      <\/div>\n\n      <div class=\"st-steps-visual\">\n        <img decoding=\"async\" src=\"https:\/\/senalbamg.org.br\/wp-content\/uploads\/2026\/04\/Mostrando-o-cupom-mulher.png\" alt=\"Mascote feminina mostrando o cupom da campanha\">\n        <div class=\"st-actions\" style=\"justify-content:center;\">\n          <a class=\"st-btn st-btn-primary\" href=\"https:\/\/forms.gle\/HAH8pVGuyrJ198G78\" target=\"_blank\" rel=\"noopener\">\n            Quero participar\n          <\/a>\n        <\/div>\n      <\/div>\n    <\/div>\n  <\/section>\n\n  <section class=\"st-section\">\n    <div class=\"st-title-row\">\n      <div class=\"st-label\">Quem pode participar<\/div>\n      <h2>O sorteio \u00e9 exclusivo para s\u00f3cios com contribui\u00e7\u00e3o mensal e tempo m\u00ednimo de associa\u00e7\u00e3o<\/h2>\n      <p>\n        Essa campanha \u00e9 uma forma de homenagear quem fortalece o sindicato todos os meses e entende que direitos dependem de organiza\u00e7\u00e3o coletiva permanente.\n      <\/p>\n    <\/div>\n\n    <div class=\"st-eligibility\">\n      <div class=\"st-list-card\">\n        <h3>Podem participar<\/h3>\n        <ul>\n          <li>S\u00f3cios efetivos do SENALBA MG.<\/li>\n          <li>Associados h\u00e1 mais de 6 meses em rela\u00e7\u00e3o a 1\u00ba de maio de 2026.<\/li>\n          <li>Trabalhadores admitidos no quadro associativo at\u00e9 31 de outubro de 2025.<\/li>\n          <li>Associados com contribui\u00e7\u00e3o mensal ativa e regular.<\/li>\n          <li>Participantes com cadastro validado pelo sindicato.<\/li>\n          <li>Associados que preencherem corretamente o formul\u00e1rio e aceitarem o regulamento.<\/li>\n        <\/ul>\n      <\/div>\n\n      <div class=\"st-list-card st-alert\">\n        <h3>N\u00e3o participam<\/h3>\n        <ul>\n          <li>Trabalhadores apenas representados pela entidade.<\/li>\n          <li>Contribuintes anuais, eventuais, negociais ou assistenciais.<\/li>\n          <li>Associados admitidos ap\u00f3s 31 de outubro de 2025.<\/li>\n          <li>Associados com mensalidade irregular ou cadastro pendente.<\/li>\n          <li>Inscri\u00e7\u00f5es duplicadas, incompletas ou com dados inconsistentes.<\/li>\n          <li>Pessoas que n\u00e3o atendam aos crit\u00e9rios previstos no regulamento.<\/li>\n        <\/ul>\n      <\/div>\n    <\/div>\n\n    <div class=\"st-callout\">\n      <div>\n        <h3>Por que existe o crit\u00e9rio de 6 meses?<\/h3>\n        <p>\n          A campanha foi criada para homenagear os trabalhadores que j\u00e1 caminham com o sindicato e sustentam sua estrutura de forma cont\u00ednua.\n        <\/p>\n        <p>\n          Por isso, para participar, o associado precisa ter mais de 6 meses de v\u00ednculo associativo em rela\u00e7\u00e3o ao Dia do Trabalhador, celebrado em 1\u00ba de maio de 2026. Na pr\u00e1tica, isso significa ter ingressado no quadro associativo at\u00e9 31\/10\/2025.\n        <\/p>\n      <\/div>\n      <img decoding=\"async\" src=\"https:\/\/senalbamg.org.br\/wp-content\/uploads\/2026\/04\/Encostada-nas-malas-mulher.png\" alt=\"Mascote feminina ao lado das malas de viagem\">\n    <\/div>\n  <\/section>\n\n  <section class=\"st-section\">\n    <div class=\"st-feature\">\n      <div class=\"st-feature-text\">\n        <h2>Mais do que um pr\u00eamio, uma mensagem<\/h2>\n        <p>\n          Em um tempo em que muitos trabalhadores enfrentam jornadas intensas, excesso de cobran\u00e7as, pouco tempo para a fam\u00edlia e pouca oportunidade de descanso real, falar sobre lazer tamb\u00e9m \u00e9 falar sobre sa\u00fade, dignidade e qualidade de vida.\n        <\/p>\n        <p>\n          O trabalhador n\u00e3o \u00e9 uma m\u00e1quina. Ele precisa de tempo para viver, descansar, conviver, recuperar as for\u00e7as e sonhar.\n        <\/p>\n        <div class=\"st-highlight-box\">\n          No M\u00eas do Trabalhador, o SENALBA MG reafirma: <strong>quem trabalha merece respeito, quem luta merece reconhecimento e quem fortalece essa caminhada tamb\u00e9m merece descanso.<\/strong>\n        <\/div>\n      <\/div>\n\n      <div class=\"st-feature-image\">\n        <img decoding=\"async\" src=\"https:\/\/senalbamg.org.br\/wp-content\/uploads\/2026\/04\/Pulando-de-alegria.png\" alt=\"Mascote pulando de alegria representando descanso e viagem\">\n      <\/div>\n    <\/div>\n  <\/section>\n\n  <section class=\"st-section st-section-dark\">\n    <div class=\"st-title-row\">\n      <div class=\"st-label\">Datas importantes<\/div>\n      <h2>Organize-se para n\u00e3o ficar de fora<\/h2>\n      <p>\n        Confira os principais prazos da campanha e participe dentro do per\u00edodo indicado.\n      <\/p>\n    <\/div>\n\n    <div class=\"st-grid-3\">\n      <div class=\"st-stat\">\n        <div class=\"st-stat-icon\">01<\/div>\n        <strong>In\u00edcio das inscri\u00e7\u00f5es<\/strong>\n        <p>As inscri\u00e7\u00f5es come\u00e7am no dia <strong>01\/05\/2026<\/strong>, pelo formul\u00e1rio oficial da campanha.<\/p>\n      <\/div>\n\n      <div class=\"st-stat\">\n        <div class=\"st-stat-icon\">28<\/div>\n        <strong>Encerramento<\/strong>\n        <p>O formul\u00e1rio ficar\u00e1 dispon\u00edvel at\u00e9 o dia <strong>28\/05\/2026<\/strong>.<\/p>\n      <\/div>\n\n      <div class=\"st-stat\">\n        <div class=\"st-stat-icon\">29<\/div>\n        <strong>Data do sorteio<\/strong>\n        <p>O sorteio ser\u00e1 realizado no dia <strong>29\/05\/2026<\/strong>, \u00faltimo dia \u00fatil de maio.<\/p>\n      <\/div>\n    <\/div>\n\n    <div class=\"st-actions\" style=\"justify-content:center; margin-top:32px;\">\n      <a class=\"st-btn st-btn-primary\" href=\"https:\/\/forms.gle\/HAH8pVGuyrJ198G78\" target=\"_blank\" rel=\"noopener\">\n        Preencher formul\u00e1rio agora\n      <\/a>\n      <a class=\"st-btn st-btn-secondary\" href=\"https:\/\/senalbamg.org.br\/wp-content\/uploads\/2026\/04\/Regulamento-sorteio-do-Trabalhador-final.pdf\" target=\"_blank\" rel=\"noopener\">\n        Ler regulamento completo\n      <\/a>\n    <\/div>\n  <\/section>\n\n  <section class=\"st-section\">\n    <div class=\"st-title-row\">\n      <div class=\"st-label\">D\u00favidas r\u00e1pidas<\/div>\n      <h2>Antes de participar, confira os principais pontos<\/h2>\n      <p>\n        Este resumo ajuda a entender a campanha, mas n\u00e3o substitui a leitura do regulamento completo.\n      <\/p>\n    <\/div>\n\n    <div class=\"st-faq\">\n      <details>\n        <summary>Quem pode participar do sorteio?<\/summary>\n        <div class=\"st-faq-content\">\n          Podem participar exclusivamente os s\u00f3cios efetivos do SENALBA MG, com contribui\u00e7\u00e3o mensal ativa e regular, que estejam associados h\u00e1 mais de 6 meses em rela\u00e7\u00e3o \u00e0 data de 1\u00ba de maio de 2026. Para fins de valida\u00e7\u00e3o, ser\u00e3o considerados aptos os associados admitidos at\u00e9 31\/10\/2025.\n        <\/div>\n      <\/details>\n\n      <details>\n        <summary>Preciso ser s\u00f3cio h\u00e1 quanto tempo para participar?<\/summary>\n        <div class=\"st-faq-content\">\n          \u00c9 necess\u00e1rio ser associado efetivo h\u00e1 mais de 6 meses em rela\u00e7\u00e3o ao Dia do Trabalhador, celebrado em 1\u00ba de maio de 2026. Na pr\u00e1tica, participam os associados que ingressaram no quadro associativo do SENALBA MG at\u00e9 31 de outubro de 2025, desde que estejam com contribui\u00e7\u00e3o mensal ativa e regular.\n        <\/div>\n      <\/details>\n\n      <details>\n        <summary>Todo trabalhador representado pelo SENALBA MG pode participar?<\/summary>\n        <div class=\"st-faq-content\">\n          N\u00e3o. A participa\u00e7\u00e3o \u00e9 exclusiva para s\u00f3cios efetivos do SENALBA MG que atendam ao crit\u00e9rio de contribui\u00e7\u00e3o mensal ativa e regular e ao tempo m\u00ednimo de associa\u00e7\u00e3o. Trabalhadores apenas representados pela entidade n\u00e3o participam do sorteio.\n        <\/div>\n      <\/details>\n\n      <details>\n        <summary>Quem paga apenas contribui\u00e7\u00e3o anual pode participar?<\/summary>\n        <div class=\"st-faq-content\">\n          N\u00e3o. A campanha \u00e9 exclusiva para associados com mensalidade ativa e regular. Contribui\u00e7\u00f5es anuais, eventuais, negociais ou assistenciais n\u00e3o substituem a condi\u00e7\u00e3o de s\u00f3cio mensal.\n        <\/div>\n      <\/details>\n\n      <details>\n        <summary>Posso me associar agora para participar?<\/summary>\n        <div class=\"st-faq-content\">\n          N\u00e3o, se a associa\u00e7\u00e3o ocorreu ap\u00f3s a data limite prevista no regulamento. Este sorteio \u00e9 destinado aos associados que j\u00e1 integravam o quadro associativo at\u00e9 31\/10\/2025, com contribui\u00e7\u00e3o mensal ativa e regular.\n        <\/div>\n      <\/details>\n\n      <details>\n        <summary>Se eu me associar durante maio de 2026, posso participar?<\/summary>\n        <div class=\"st-faq-content\">\n          N\u00e3o. Para participar deste sorteio espec\u00edfico, \u00e9 necess\u00e1rio ter mais de 6 meses de associa\u00e7\u00e3o em rela\u00e7\u00e3o ao dia 1\u00ba de maio de 2026. Associa\u00e7\u00f5es realizadas durante maio de 2026 n\u00e3o habilitam o trabalhador para esta campanha.\n        <\/div>\n      <\/details>\n\n      <details>\n        <summary>O vale-viagem pode ser convertido em dinheiro?<\/summary>\n        <div class=\"st-faq-content\">\n          N\u00e3o. O pr\u00eamio \u00e9 pessoal, intransfer\u00edvel e n\u00e3o poder\u00e1 ser convertido em dinheiro, vendido, cedido ou trocado por outro bem ou servi\u00e7o.\n        <\/div>\n      <\/details>\n\n      <details>\n        <summary>O contemplado poder\u00e1 escolher o destino?<\/summary>\n        <div class=\"st-faq-content\">\n          Sim. O contemplado poder\u00e1 escolher o destino, observando o valor do voucher, a disponibilidade de datas, voos, hospedagens, fornecedores e as regras da ag\u00eancia respons\u00e1vel.\n        <\/div>\n      <\/details>\n\n      <details>\n        <summary>E se a viagem custar mais de R$ 5.000,00?<\/summary>\n        <div class=\"st-faq-content\">\n          Caso o pacote escolhido ultrapasse o valor do voucher, a diferen\u00e7a ser\u00e1 de responsabilidade exclusiva do contemplado.\n        <\/div>\n      <\/details>\n\n      <details>\n        <summary>O resultado ser\u00e1 divulgado onde?<\/summary>\n        <div class=\"st-faq-content\">\n          O resultado ser\u00e1 divulgado nos canais oficiais do SENALBA MG. Os contemplados tamb\u00e9m ser\u00e3o contatados pelos dados informados no formul\u00e1rio.\n        <\/div>\n      <\/details>\n    <\/div>\n  <\/section>\n\n  <section class=\"st-final-cta\">\n    <img decoding=\"async\" src=\"https:\/\/senalbamg.org.br\/wp-content\/uploads\/2026\/04\/Pulando-de-alegria-mulher.png\" alt=\"Mascote feminina comemorando a campanha\">\n    <h2>Participe do Sorteio M\u00eas do Trabalhador<\/h2>\n    <p>\n      Se voc\u00ea \u00e9 s\u00f3cio do SENALBA MG, associado at\u00e9 31\/10\/2025, com contribui\u00e7\u00e3o mensal ativa e regular, leia o regulamento completo, preencha o formul\u00e1rio dentro do prazo e participe desta homenagem especial.\n    <\/p>\n\n    <div class=\"st-actions\" style=\"justify-content:center;\">\n      <a class=\"st-btn st-btn-primary\" href=\"https:\/\/forms.gle\/HAH8pVGuyrJ198G78\" target=\"_blank\" rel=\"noopener\">\n        Preencher formul\u00e1rio\n      <\/a>\n      <a class=\"st-btn st-btn-secondary\" href=\"https:\/\/senalbamg.org.br\/wp-content\/uploads\/2026\/04\/Regulamento-sorteio-do-Trabalhador-final.pdf\" target=\"_blank\" rel=\"noopener\">\n        Baixar regulamento completo\n      <\/a>\n    <\/div>\n\n    <div class=\"st-note\">\n      Quem luta tamb\u00e9m merece descanso. Uma homenagem do SENALBA MG no M\u00eas do Trabalhador.\n    <\/div>\n  <\/section>\n\n<\/div>\n","protected":false},"excerpt":{"rendered":"<p>M\u00eas do Trabalhador 2026 Quem luta tamb\u00e9m merece descanso Em homenagem ao M\u00eas do Trabalhador,<\/p>\n","protected":false},"author":6,"featured_media":2965,"comment_status":"closed","ping_status":"closed","sticky":true,"template":"","format":"standard","meta":{"footnotes":""},"categories":[42,5],"tags":[],"class_list":["post-2961","post","type-post","status-publish","format-standard","has-post-thumbnail","hentry","category-mundo-do-trabalho","category-noticias"],"yoast_head":"<!-- This site is optimized with the Yoast SEO plugin v25.1 - https:\/\/yoast.com\/wordpress\/plugins\/seo\/ -->\n<title>Sorteio m\u00eas do trabalhador - SENALBAMG<\/title>\n<meta name=\"robots\" content=\"index, follow, max-snippet:-1, max-image-preview:large, max-video-preview:-1\" \/>\n<link rel=\"canonical\" href=\"https:\/\/senalbamg.org.br\/index.php\/2026\/04\/30\/sorteio-mes-do-trabalhador\/\" \/>\n<meta property=\"og:locale\" content=\"pt_PT\" \/>\n<meta property=\"og:type\" content=\"article\" \/>\n<meta property=\"og:title\" content=\"Sorteio m\u00eas do trabalhador - SENALBAMG\" \/>\n<meta property=\"og:description\" content=\"M\u00eas do Trabalhador 2026 Quem luta tamb\u00e9m merece descanso Em homenagem ao M\u00eas do Trabalhador,\" \/>\n<meta property=\"og:url\" content=\"https:\/\/senalbamg.org.br\/index.php\/2026\/04\/30\/sorteio-mes-do-trabalhador\/\" \/>\n<meta property=\"og:site_name\" content=\"SENALBAMG\" \/>\n<meta property=\"article:author\" content=\"https:\/\/www.facebook.com\/manucastelo1\/\" \/>\n<meta property=\"article:published_time\" content=\"2026-04-30T15:41:06+00:00\" \/>\n<meta property=\"article:modified_time\" content=\"2026-04-30T19:27:37+00:00\" \/>\n<meta property=\"og:image\" content=\"https:\/\/senalbamg.org.br\/wp-content\/uploads\/2026\/04\/1e792716-fca1-45e8-9906-363f54dc065b-819x1024.png\" \/>\n\t<meta property=\"og:image:width\" content=\"819\" \/>\n\t<meta property=\"og:image:height\" content=\"1024\" \/>\n\t<meta property=\"og:image:type\" content=\"image\/png\" \/>\n<meta name=\"author\" content=\"Senalbamg\" \/>\n<meta name=\"twitter:card\" content=\"summary_large_image\" \/>\n<meta name=\"twitter:creator\" content=\"@manucastelo\" \/>\n<meta name=\"twitter:label1\" content=\"Escrito por\" \/>\n\t<meta name=\"twitter:data1\" content=\"Senalbamg\" \/>\n\t<meta name=\"twitter:label2\" content=\"Tempo estimado de leitura\" \/>\n\t<meta name=\"twitter:data2\" content=\"9 minutos\" \/>\n<script type=\"application\/ld+json\" class=\"yoast-schema-graph\">{\"@context\":\"https:\/\/schema.org\",\"@graph\":[{\"@type\":\"Article\",\"@id\":\"https:\/\/senalbamg.org.br\/index.php\/2026\/04\/30\/sorteio-mes-do-trabalhador\/#article\",\"isPartOf\":{\"@id\":\"https:\/\/senalbamg.org.br\/index.php\/2026\/04\/30\/sorteio-mes-do-trabalhador\/\"},\"author\":{\"name\":\"Senalbamg\",\"@id\":\"https:\/\/senalbamg.org.br\/#\/schema\/person\/a1182b231037888a45ea6853e70d3ba0\"},\"headline\":\"Sorteio m\u00eas do trabalhador\",\"datePublished\":\"2026-04-30T15:41:06+00:00\",\"dateModified\":\"2026-04-30T19:27:37+00:00\",\"mainEntityOfPage\":{\"@id\":\"https:\/\/senalbamg.org.br\/index.php\/2026\/04\/30\/sorteio-mes-do-trabalhador\/\"},\"wordCount\":1356,\"publisher\":{\"@id\":\"https:\/\/senalbamg.org.br\/#organization\"},\"image\":{\"@id\":\"https:\/\/senalbamg.org.br\/index.php\/2026\/04\/30\/sorteio-mes-do-trabalhador\/#primaryimage\"},\"thumbnailUrl\":\"https:\/\/senalbamg.org.br\/wp-content\/uploads\/2026\/04\/1e792716-fca1-45e8-9906-363f54dc065b.png\",\"articleSection\":[\"Mundo do Trabalho\",\"Noticias\"],\"inLanguage\":\"pt-PT\"},{\"@type\":\"WebPage\",\"@id\":\"https:\/\/senalbamg.org.br\/index.php\/2026\/04\/30\/sorteio-mes-do-trabalhador\/\",\"url\":\"https:\/\/senalbamg.org.br\/index.php\/2026\/04\/30\/sorteio-mes-do-trabalhador\/\",\"name\":\"Sorteio m\u00eas do trabalhador - SENALBAMG\",\"isPartOf\":{\"@id\":\"https:\/\/senalbamg.org.br\/#website\"},\"primaryImageOfPage\":{\"@id\":\"https:\/\/senalbamg.org.br\/index.php\/2026\/04\/30\/sorteio-mes-do-trabalhador\/#primaryimage\"},\"image\":{\"@id\":\"https:\/\/senalbamg.org.br\/index.php\/2026\/04\/30\/sorteio-mes-do-trabalhador\/#primaryimage\"},\"thumbnailUrl\":\"https:\/\/senalbamg.org.br\/wp-content\/uploads\/2026\/04\/1e792716-fca1-45e8-9906-363f54dc065b.png\",\"datePublished\":\"2026-04-30T15:41:06+00:00\",\"dateModified\":\"2026-04-30T19:27:37+00:00\",\"breadcrumb\":{\"@id\":\"https:\/\/senalbamg.org.br\/index.php\/2026\/04\/30\/sorteio-mes-do-trabalhador\/#breadcrumb\"},\"inLanguage\":\"pt-PT\",\"potentialAction\":[{\"@type\":\"ReadAction\",\"target\":[\"https:\/\/senalbamg.org.br\/index.php\/2026\/04\/30\/sorteio-mes-do-trabalhador\/\"]}]},{\"@type\":\"ImageObject\",\"inLanguage\":\"pt-PT\",\"@id\":\"https:\/\/senalbamg.org.br\/index.php\/2026\/04\/30\/sorteio-mes-do-trabalhador\/#primaryimage\",\"url\":\"https:\/\/senalbamg.org.br\/wp-content\/uploads\/2026\/04\/1e792716-fca1-45e8-9906-363f54dc065b.png\",\"contentUrl\":\"https:\/\/senalbamg.org.br\/wp-content\/uploads\/2026\/04\/1e792716-fca1-45e8-9906-363f54dc065b.png\",\"width\":1122,\"height\":1402},{\"@type\":\"BreadcrumbList\",\"@id\":\"https:\/\/senalbamg.org.br\/index.php\/2026\/04\/30\/sorteio-mes-do-trabalhador\/#breadcrumb\",\"itemListElement\":[{\"@type\":\"ListItem\",\"position\":1,\"name\":\"In\u00edcio\",\"item\":\"https:\/\/senalbamg.org.br\/\"},{\"@type\":\"ListItem\",\"position\":2,\"name\":\"Sorteio m\u00eas do trabalhador\"}]},{\"@type\":\"WebSite\",\"@id\":\"https:\/\/senalbamg.org.br\/#website\",\"url\":\"https:\/\/senalbamg.org.br\/\",\"name\":\"SENALBAMG\",\"description\":\"Fortale\u00e7a seu sindicato!\",\"publisher\":{\"@id\":\"https:\/\/senalbamg.org.br\/#organization\"},\"potentialAction\":[{\"@type\":\"SearchAction\",\"target\":{\"@type\":\"EntryPoint\",\"urlTemplate\":\"https:\/\/senalbamg.org.br\/?s={search_term_string}\"},\"query-input\":{\"@type\":\"PropertyValueSpecification\",\"valueRequired\":true,\"valueName\":\"search_term_string\"}}],\"inLanguage\":\"pt-PT\"},{\"@type\":\"Organization\",\"@id\":\"https:\/\/senalbamg.org.br\/#organization\",\"name\":\"SENALBAMG\",\"url\":\"https:\/\/senalbamg.org.br\/\",\"logo\":{\"@type\":\"ImageObject\",\"inLanguage\":\"pt-PT\",\"@id\":\"https:\/\/senalbamg.org.br\/#\/schema\/logo\/image\/\",\"url\":\"https:\/\/senalbamg.org.br\/wp-content\/uploads\/2025\/05\/Black-White-Letter-MD-Logo-Instagram-Post-Copia-1.jpg\",\"contentUrl\":\"https:\/\/senalbamg.org.br\/wp-content\/uploads\/2025\/05\/Black-White-Letter-MD-Logo-Instagram-Post-Copia-1.jpg\",\"width\":1080,\"height\":504,\"caption\":\"SENALBAMG\"},\"image\":{\"@id\":\"https:\/\/senalbamg.org.br\/#\/schema\/logo\/image\/\"}},{\"@type\":\"Person\",\"@id\":\"https:\/\/senalbamg.org.br\/#\/schema\/person\/a1182b231037888a45ea6853e70d3ba0\",\"name\":\"Senalbamg\",\"image\":{\"@type\":\"ImageObject\",\"inLanguage\":\"pt-PT\",\"@id\":\"https:\/\/senalbamg.org.br\/#\/schema\/person\/image\/\",\"url\":\"https:\/\/secure.gravatar.com\/avatar\/b03df12ad1668e9441e8303782bc9e63c63c07de35381ddc9ad9105ea877da7f?s=96&d=mm&r=g\",\"contentUrl\":\"https:\/\/secure.gravatar.com\/avatar\/b03df12ad1668e9441e8303782bc9e63c63c07de35381ddc9ad9105ea877da7f?s=96&d=mm&r=g\",\"caption\":\"Senalbamg\"},\"description\":\"O Senalba-MG \u00e9 o sindicato que representa os trabalhadores do Sistema S em Minas Gerais \u2014 Sesi, Senai, Sesc, Senac, Sescoop, Sest, Senat e Senar. Tamb\u00e9m atuamos na defesa dos trabalhadores da Assist\u00eancia Social, abrangendo entidades sem fins lucrativos, associa\u00e7\u00f5es, funda\u00e7\u00f5es, creches, ONGs, OSs, OSCIPs. Nossa base inclui ainda os profissionais dos cursos livres, como os de idiomas, inform\u00e1tica e capacita\u00e7\u00e3o profissional.\",\"sameAs\":[\"https:\/\/senalbamg.org.br\/\",\"https:\/\/www.facebook.com\/manucastelo1\/\",\"https:\/\/www.instagram.com\/manucastelo\/?hl=pt-br\",\"https:\/\/www.linkedin.com\/in\/manucastelo\/\",\"https:\/\/br.pinterest.com\/manucastelo\/\",\"https:\/\/x.com\/manucastelo\",\"https:\/\/www.youtube.com\/@manucastelo1\"],\"url\":\"https:\/\/senalbamg.org.br\/index.php\/author\/manus\/\"}]}<\/script>\n<!-- \/ Yoast SEO plugin. -->","yoast_head_json":{"title":"Sorteio m\u00eas do trabalhador - SENALBAMG","robots":{"index":"index","follow":"follow","max-snippet":"max-snippet:-1","max-image-preview":"max-image-preview:large","max-video-preview":"max-video-preview:-1"},"canonical":"https:\/\/senalbamg.org.br\/index.php\/2026\/04\/30\/sorteio-mes-do-trabalhador\/","og_locale":"pt_PT","og_type":"article","og_title":"Sorteio m\u00eas do trabalhador - SENALBAMG","og_description":"M\u00eas do Trabalhador 2026 Quem luta tamb\u00e9m merece descanso Em homenagem ao M\u00eas do Trabalhador,","og_url":"https:\/\/senalbamg.org.br\/index.php\/2026\/04\/30\/sorteio-mes-do-trabalhador\/","og_site_name":"SENALBAMG","article_author":"https:\/\/www.facebook.com\/manucastelo1\/","article_published_time":"2026-04-30T15:41:06+00:00","article_modified_time":"2026-04-30T19:27:37+00:00","og_image":[{"width":819,"height":1024,"url":"https:\/\/senalbamg.org.br\/wp-content\/uploads\/2026\/04\/1e792716-fca1-45e8-9906-363f54dc065b-819x1024.png","type":"image\/png"}],"author":"Senalbamg","twitter_card":"summary_large_image","twitter_creator":"@manucastelo","twitter_misc":{"Escrito por":"Senalbamg","Tempo estimado de leitura":"9 minutos"},"schema":{"@context":"https:\/\/schema.org","@graph":[{"@type":"Article","@id":"https:\/\/senalbamg.org.br\/index.php\/2026\/04\/30\/sorteio-mes-do-trabalhador\/#article","isPartOf":{"@id":"https:\/\/senalbamg.org.br\/index.php\/2026\/04\/30\/sorteio-mes-do-trabalhador\/"},"author":{"name":"Senalbamg","@id":"https:\/\/senalbamg.org.br\/#\/schema\/person\/a1182b231037888a45ea6853e70d3ba0"},"headline":"Sorteio m\u00eas do trabalhador","datePublished":"2026-04-30T15:41:06+00:00","dateModified":"2026-04-30T19:27:37+00:00","mainEntityOfPage":{"@id":"https:\/\/senalbamg.org.br\/index.php\/2026\/04\/30\/sorteio-mes-do-trabalhador\/"},"wordCount":1356,"publisher":{"@id":"https:\/\/senalbamg.org.br\/#organization"},"image":{"@id":"https:\/\/senalbamg.org.br\/index.php\/2026\/04\/30\/sorteio-mes-do-trabalhador\/#primaryimage"},"thumbnailUrl":"https:\/\/senalbamg.org.br\/wp-content\/uploads\/2026\/04\/1e792716-fca1-45e8-9906-363f54dc065b.png","articleSection":["Mundo do Trabalho","Noticias"],"inLanguage":"pt-PT"},{"@type":"WebPage","@id":"https:\/\/senalbamg.org.br\/index.php\/2026\/04\/30\/sorteio-mes-do-trabalhador\/","url":"https:\/\/senalbamg.org.br\/index.php\/2026\/04\/30\/sorteio-mes-do-trabalhador\/","name":"Sorteio m\u00eas do trabalhador - SENALBAMG","isPartOf":{"@id":"https:\/\/senalbamg.org.br\/#website"},"primaryImageOfPage":{"@id":"https:\/\/senalbamg.org.br\/index.php\/2026\/04\/30\/sorteio-mes-do-trabalhador\/#primaryimage"},"image":{"@id":"https:\/\/senalbamg.org.br\/index.php\/2026\/04\/30\/sorteio-mes-do-trabalhador\/#primaryimage"},"thumbnailUrl":"https:\/\/senalbamg.org.br\/wp-content\/uploads\/2026\/04\/1e792716-fca1-45e8-9906-363f54dc065b.png","datePublished":"2026-04-30T15:41:06+00:00","dateModified":"2026-04-30T19:27:37+00:00","breadcrumb":{"@id":"https:\/\/senalbamg.org.br\/index.php\/2026\/04\/30\/sorteio-mes-do-trabalhador\/#breadcrumb"},"inLanguage":"pt-PT","potentialAction":[{"@type":"ReadAction","target":["https:\/\/senalbamg.org.br\/index.php\/2026\/04\/30\/sorteio-mes-do-trabalhador\/"]}]},{"@type":"ImageObject","inLanguage":"pt-PT","@id":"https:\/\/senalbamg.org.br\/index.php\/2026\/04\/30\/sorteio-mes-do-trabalhador\/#primaryimage","url":"https:\/\/senalbamg.org.br\/wp-content\/uploads\/2026\/04\/1e792716-fca1-45e8-9906-363f54dc065b.png","contentUrl":"https:\/\/senalbamg.org.br\/wp-content\/uploads\/2026\/04\/1e792716-fca1-45e8-9906-363f54dc065b.png","width":1122,"height":1402},{"@type":"BreadcrumbList","@id":"https:\/\/senalbamg.org.br\/index.php\/2026\/04\/30\/sorteio-mes-do-trabalhador\/#breadcrumb","itemListElement":[{"@type":"ListItem","position":1,"name":"In\u00edcio","item":"https:\/\/senalbamg.org.br\/"},{"@type":"ListItem","position":2,"name":"Sorteio m\u00eas do trabalhador"}]},{"@type":"WebSite","@id":"https:\/\/senalbamg.org.br\/#website","url":"https:\/\/senalbamg.org.br\/","name":"SENALBAMG","description":"Fortale\u00e7a seu sindicato!","publisher":{"@id":"https:\/\/senalbamg.org.br\/#organization"},"potentialAction":[{"@type":"SearchAction","target":{"@type":"EntryPoint","urlTemplate":"https:\/\/senalbamg.org.br\/?s={search_term_string}"},"query-input":{"@type":"PropertyValueSpecification","valueRequired":true,"valueName":"search_term_string"}}],"inLanguage":"pt-PT"},{"@type":"Organization","@id":"https:\/\/senalbamg.org.br\/#organization","name":"SENALBAMG","url":"https:\/\/senalbamg.org.br\/","logo":{"@type":"ImageObject","inLanguage":"pt-PT","@id":"https:\/\/senalbamg.org.br\/#\/schema\/logo\/image\/","url":"https:\/\/senalbamg.org.br\/wp-content\/uploads\/2025\/05\/Black-White-Letter-MD-Logo-Instagram-Post-Copia-1.jpg","contentUrl":"https:\/\/senalbamg.org.br\/wp-content\/uploads\/2025\/05\/Black-White-Letter-MD-Logo-Instagram-Post-Copia-1.jpg","width":1080,"height":504,"caption":"SENALBAMG"},"image":{"@id":"https:\/\/senalbamg.org.br\/#\/schema\/logo\/image\/"}},{"@type":"Person","@id":"https:\/\/senalbamg.org.br\/#\/schema\/person\/a1182b231037888a45ea6853e70d3ba0","name":"Senalbamg","image":{"@type":"ImageObject","inLanguage":"pt-PT","@id":"https:\/\/senalbamg.org.br\/#\/schema\/person\/image\/","url":"https:\/\/secure.gravatar.com\/avatar\/b03df12ad1668e9441e8303782bc9e63c63c07de35381ddc9ad9105ea877da7f?s=96&d=mm&r=g","contentUrl":"https:\/\/secure.gravatar.com\/avatar\/b03df12ad1668e9441e8303782bc9e63c63c07de35381ddc9ad9105ea877da7f?s=96&d=mm&r=g","caption":"Senalbamg"},"description":"O Senalba-MG \u00e9 o sindicato que representa os trabalhadores do Sistema S em Minas Gerais \u2014 Sesi, Senai, Sesc, Senac, Sescoop, Sest, Senat e Senar. Tamb\u00e9m atuamos na defesa dos trabalhadores da Assist\u00eancia Social, abrangendo entidades sem fins lucrativos, associa\u00e7\u00f5es, funda\u00e7\u00f5es, creches, ONGs, OSs, OSCIPs. Nossa base inclui ainda os profissionais dos cursos livres, como os de idiomas, inform\u00e1tica e capacita\u00e7\u00e3o profissional.","sameAs":["https:\/\/senalbamg.org.br\/","https:\/\/www.facebook.com\/manucastelo1\/","https:\/\/www.instagram.com\/manucastelo\/?hl=pt-br","https:\/\/www.linkedin.com\/in\/manucastelo\/","https:\/\/br.pinterest.com\/manucastelo\/","https:\/\/x.com\/manucastelo","https:\/\/www.youtube.com\/@manucastelo1"],"url":"https:\/\/senalbamg.org.br\/index.php\/author\/manus\/"}]}},"_links":{"self":[{"href":"https:\/\/senalbamg.org.br\/index.php\/wp-json\/wp\/v2\/posts\/2961","targetHints":{"allow":["GET"]}}],"collection":[{"href":"https:\/\/senalbamg.org.br\/index.php\/wp-json\/wp\/v2\/posts"}],"about":[{"href":"https:\/\/senalbamg.org.br\/index.php\/wp-json\/wp\/v2\/types\/post"}],"author":[{"embeddable":true,"href":"https:\/\/senalbamg.org.br\/index.php\/wp-json\/wp\/v2\/users\/6"}],"replies":[{"embeddable":true,"href":"https:\/\/senalbamg.org.br\/index.php\/wp-json\/wp\/v2\/comments?post=2961"}],"version-history":[{"count":2,"href":"https:\/\/senalbamg.org.br\/index.php\/wp-json\/wp\/v2\/posts\/2961\/revisions"}],"predecessor-version":[{"id":2963,"href":"https:\/\/senalbamg.org.br\/index.php\/wp-json\/wp\/v2\/posts\/2961\/revisions\/2963"}],"wp:featuredmedia":[{"embeddable":true,"href":"https:\/\/senalbamg.org.br\/index.php\/wp-json\/wp\/v2\/media\/2965"}],"wp:attachment":[{"href":"https:\/\/senalbamg.org.br\/index.php\/wp-json\/wp\/v2\/media?parent=2961"}],"wp:term":[{"taxonomy":"category","embeddable":true,"href":"https:\/\/senalbamg.org.br\/index.php\/wp-json\/wp\/v2\/categories?post=2961"},{"taxonomy":"post_tag","embeddable":true,"href":"https:\/\/senalbamg.org.br\/index.php\/wp-json\/wp\/v2\/tags?post=2961"}],"curies":[{"name":"wp","href":"https:\/\/api.w.org\/{rel}","templated":true}]}}