{"id":2947,"date":"2026-04-29T15:03:56","date_gmt":"2026-04-29T18:03:56","guid":{"rendered":"https:\/\/senalbamg.org.br\/?p=2947"},"modified":"2026-04-29T15:09:18","modified_gmt":"2026-04-29T18:09:18","slug":"uma-vez-golpista-sempre-golpista","status":"publish","type":"post","link":"https:\/\/senalbamg.org.br\/index.php\/2026\/04\/29\/uma-vez-golpista-sempre-golpista\/","title":{"rendered":"Uma Vez Golpista, Sempre Golpista"},"content":{"rendered":"\n<!DOCTYPE html>\n<html lang=\"pt-BR\">\n<head>\n<meta charset=\"UTF-8\">\n<meta name=\"viewport\" content=\"width=device-width, initial-scale=1.0\">\n<title>Uma Vez Golpista, Sempre Golpista<\/title>\n<link href=\"https:\/\/fonts.googleapis.com\/css2?family=Playfair+Display:ital,wght@0,700;0,900;1,700&#038;family=Source+Serif+4:ital,opsz,wght@0,8..60,300;0,8..60,400;0,8..60,600;1,8..60,400&#038;family=Oswald:wght@400;600;700&#038;display=swap\" rel=\"stylesheet\">\n<style>\n  :root {\n    --vermelho: #c0202a;\n    --vermelho-escuro: #8b1219;\n    --amarelo: #f5c518;\n    --cinza-escuro: #1a1a1a;\n    --cinza-medio: #2e2e2e;\n    --cinza-texto: #3d3d3d;\n    --off-white: #f7f3ee;\n    --bege: #e8e0d5;\n    --preto: #0d0d0d;\n  }\n\n  * { box-sizing: border-box; margin: 0; padding: 0; }\n\n  body {\n    background: var(--off-white);\n    color: var(--cinza-texto);\n    font-family: 'Source Serif 4', Georgia, serif;\n    font-size: 18px;\n    line-height: 1.75;\n  }\n\n  \/* \u2500\u2500 HEADER \u2500\u2500 *\/\n  .header {\n    background: var(--preto);\n    padding: 0;\n    position: relative;\n    overflow: hidden;\n  }\n  .header-stripe {\n    height: 8px;\n    background: repeating-linear-gradient(\n      90deg, var(--vermelho) 0, var(--vermelho) 33.3%, var(--amarelo) 33.3%, var(--amarelo) 66.6%, var(--preto) 66.6%, var(--preto) 100%);\n  }\n  .header-inner {\n    max-width: 900px;\n    margin: 0 auto;\n    padding: 52px 32px 44px;\n  }\n  .header-kicker {\n    font-family: 'Oswald', sans-serif;\n    font-size: 11px;\n    letter-spacing: 4px;\n    text-transform: uppercase;\n    color: var(--amarelo);\n    margin-bottom: 18px;\n    display: flex;\n    align-items: center;\n    gap: 12px;\n  }\n  .header-kicker::before {\n    content: '';\n    display: inline-block;\n    width: 32px;\n    height: 2px;\n    background: var(--vermelho);\n  }\n  .header h1 {\n    font-family: 'Playfair Display', Georgia, serif;\n    font-size: clamp(2.2rem, 5vw, 3.8rem);\n    font-weight: 900;\n    color: #fff;\n    line-height: 1.1;\n    margin-bottom: 20px;\n  }\n  .header h1 span {\n    color: var(--vermelho);\n    font-style: italic;\n  }\n  .header-subtitle {\n    font-family: 'Source Serif 4', serif;\n    font-size: 1.1rem;\n    color: #b0a89a;\n    font-style: italic;\n    max-width: 620px;\n    line-height: 1.6;\n    border-left: 3px solid var(--vermelho);\n    padding-left: 16px;\n  }\n  .header-meta {\n    margin-top: 24px;\n    font-family: 'Oswald', sans-serif;\n    font-size: 11px;\n    letter-spacing: 2px;\n    text-transform: uppercase;\n    color: #666;\n    display: flex;\n    gap: 24px;\n    flex-wrap: wrap;\n  }\n\n  \/* \u2500\u2500 LAYOUT \u2500\u2500 *\/\n  .container {\n    max-width: 900px;\n    margin: 0 auto;\n    padding: 0 32px;\n  }\n\n  \/* \u2500\u2500 LEAD \u2500\u2500 *\/\n  .lead-block {\n    background: var(--cinza-escuro);\n    color: #f5f0ea;\n    padding: 40px 44px;\n    margin: 0;\n    font-size: 1.15rem;\n    line-height: 1.8;\n    position: relative;\n  }\n  .lead-block::before {\n    content: '\u275d';\n    font-size: 5rem;\n    color: var(--vermelho);\n    opacity: 0.3;\n    position: absolute;\n    top: 12px;\n    left: 20px;\n    font-family: Georgia, serif;\n    line-height: 1;\n  }\n  .lead-block p {\n    position: relative;\n    z-index: 1;\n  }\n\n  \/* \u2500\u2500 ARTICLE BODY \u2500\u2500 *\/\n  .article-body {\n    padding: 48px 0;\n  }\n  .article-body p {\n    margin-bottom: 1.5em;\n    text-align: justify;\n  }\n\n  \/* \u2500\u2500 SECTION HEADINGS \u2500\u2500 *\/\n  .section-heading {\n    font-family: 'Playfair Display', Georgia, serif;\n    font-size: 1.7rem;\n    font-weight: 700;\n    color: var(--preto);\n    margin: 56px 0 24px;\n    padding-bottom: 12px;\n    border-bottom: 3px solid var(--vermelho);\n    position: relative;\n  }\n  .section-heading::after {\n    content: '';\n    display: block;\n    width: 60px;\n    height: 3px;\n    background: var(--amarelo);\n    position: absolute;\n    bottom: -6px;\n    left: 0;\n  }\n\n  \/* \u2500\u2500 CHARGE \/ ILUSTRA\u00c7\u00c3O \u2500\u2500 *\/\n  .charge-box {\n    background: #fff;\n    border: 2px solid var(--cinza-escuro);\n    margin: 40px 0;\n    box-shadow: 6px 6px 0 var(--cinza-escuro);\n    overflow: hidden;\n  }\n  .charge-header {\n    background: var(--cinza-escuro);\n    color: var(--amarelo);\n    font-family: 'Oswald', sans-serif;\n    font-size: 11px;\n    letter-spacing: 3px;\n    text-transform: uppercase;\n    padding: 8px 16px;\n  }\n  .charge-svg-wrap {\n    padding: 24px;\n    display: flex;\n    justify-content: center;\n  }\n  .charge-caption {\n    background: var(--bege);\n    padding: 10px 16px;\n    font-size: 0.82rem;\n    font-style: italic;\n    color: #777;\n    text-align: center;\n    border-top: 1px solid #ddd;\n  }\n\n  \/* \u2500\u2500 INFOGR\u00c1FICO: LINHA DO TEMPO \u2500\u2500 *\/\n  .timeline-wrap {\n    background: var(--cinza-escuro);\n    padding: 40px 24px 40px 24px;\n    margin: 40px 0;\n    border-radius: 2px;\n  }\n  .timeline-title {\n    font-family: 'Oswald', sans-serif;\n    font-size: 13px;\n    letter-spacing: 4px;\n    text-transform: uppercase;\n    color: var(--amarelo);\n    margin-bottom: 32px;\n    text-align: center;\n  }\n  .timeline {\n    position: relative;\n    max-width: 740px;\n    margin: 0 auto;\n  }\n  .timeline::before {\n    content: '';\n    position: absolute;\n    left: 50%;\n    top: 0;\n    bottom: 0;\n    width: 3px;\n    background: linear-gradient(to bottom, var(--vermelho), var(--amarelo));\n    transform: translateX(-50%);\n  }\n  .tl-item {\n    display: flex;\n    gap: 28px;\n    margin-bottom: 36px;\n    align-items: flex-start;\n    position: relative;\n  }\n  .tl-item:nth-child(odd) {\n    flex-direction: row-reverse;\n  }\n  .tl-item:nth-child(odd) .tl-card {\n    text-align: right;\n  }\n  .tl-dot {\n    position: absolute;\n    left: 50%;\n    top: 6px;\n    transform: translateX(-50%);\n    width: 18px;\n    height: 18px;\n    border-radius: 50%;\n    background: var(--vermelho);\n    border: 3px solid var(--amarelo);\n    z-index: 2;\n    flex-shrink: 0;\n  }\n  .tl-card {\n    width: calc(50% - 36px);\n    background: rgba(255,255,255,0.06);\n    border: 1px solid rgba(255,255,255,0.12);\n    padding: 16px 18px;\n    border-radius: 2px;\n    transition: background 0.2s;\n  }\n  .tl-date {\n    font-family: 'Oswald', sans-serif;\n    font-size: 0.75rem;\n    letter-spacing: 2px;\n    color: var(--amarelo);\n    text-transform: uppercase;\n    margin-bottom: 4px;\n  }\n  .tl-event {\n    font-family: 'Playfair Display', serif;\n    font-size: 0.95rem;\n    color: #fff;\n    font-weight: 700;\n    margin-bottom: 4px;\n  }\n  .tl-desc {\n    font-size: 0.8rem;\n    color: #aaa;\n    line-height: 1.5;\n  }\n\n  \/* \u2500\u2500 MAPA MENTAL \u2500\u2500 *\/\n  .mindmap-wrap {\n    background: #fff;\n    border: 1px solid #e0d8d0;\n    padding: 32px 16px;\n    margin: 40px 0;\n    box-shadow: 0 4px 24px rgba(0,0,0,0.07);\n  }\n  .mindmap-title {\n    font-family: 'Oswald', sans-serif;\n    font-size: 12px;\n    letter-spacing: 4px;\n    text-transform: uppercase;\n    color: var(--vermelho);\n    text-align: center;\n    margin-bottom: 24px;\n  }\n\n  \/* \u2500\u2500 TABELAS \u2500\u2500 *\/\n  .table-wrap {\n    margin: 40px 0;\n    overflow-x: auto;\n  }\n  .table-label {\n    font-family: 'Oswald', sans-serif;\n    font-size: 11px;\n    letter-spacing: 4px;\n    text-transform: uppercase;\n    color: var(--vermelho);\n    margin-bottom: 10px;\n    display: flex;\n    align-items: center;\n    gap: 10px;\n  }\n  .table-label::after {\n    content: '';\n    flex: 1;\n    height: 1px;\n    background: var(--bege);\n  }\n  table {\n    width: 100%;\n    border-collapse: collapse;\n    font-size: 0.88rem;\n    font-family: 'Source Serif 4', serif;\n  }\n  thead tr {\n    background: var(--vermelho-escuro);\n    color: #ffffff;\n  }\n  thead th {\n    padding: 14px 16px;\n    text-align: left;\n    font-family: 'Oswald', sans-serif;\n    font-size: 0.78rem;\n    letter-spacing: 1.5px;\n    text-transform: uppercase;\n    font-weight: 600;\n    color: #ffffff;\n  }\n  tbody tr {\n    border-bottom: 1px solid #e8e0d5;\n    transition: background 0.15s;\n  }\n  tbody tr:hover { background: #f0ebe4; }\n  tbody tr:nth-child(even) { background: #faf7f3; }\n  tbody tr:nth-child(even):hover { background: #f0ebe4; }\n  td {\n    padding: 14px 16px;\n    vertical-align: top;\n    line-height: 1.5;\n  }\n  td:first-child {\n    font-family: 'Oswald', sans-serif;\n    font-weight: 600;\n    color: var(--cinza-escuro);\n    white-space: nowrap;\n  }\n  .badge-red {\n    display: inline-block;\n    background: var(--vermelho);\n    color: #fff;\n    font-family: 'Oswald', sans-serif;\n    font-size: 0.68rem;\n    letter-spacing: 1px;\n    text-transform: uppercase;\n    padding: 2px 8px;\n    margin-left: 6px;\n    vertical-align: middle;\n  }\n\n  \/* \u2500\u2500 INFOGR\u00c1FICOS \/ STAT CARDS \u2500\u2500 *\/\n  .stat-grid {\n    display: grid;\n    grid-template-columns: repeat(auto-fit, minmax(200px, 1fr));\n    gap: 16px;\n    margin: 40px 0;\n  }\n  .stat-card {\n    background: var(--preto);\n    color: #fff;\n    padding: 28px 22px;\n    border-top: 4px solid var(--vermelho);\n    text-align: center;\n    position: relative;\n  }\n  .stat-card.amarelo { border-top-color: var(--amarelo); }\n  .stat-number {\n    font-family: 'Playfair Display', serif;\n    font-size: 2.8rem;\n    font-weight: 900;\n    color: var(--vermelho);\n    line-height: 1;\n    margin-bottom: 6px;\n  }\n  .stat-card.amarelo .stat-number { color: var(--amarelo); }\n  .stat-label {\n    font-family: 'Oswald', sans-serif;\n    font-size: 0.72rem;\n    letter-spacing: 2px;\n    text-transform: uppercase;\n    color: #999;\n    margin-bottom: 10px;\n  }\n  .stat-desc {\n    font-size: 0.8rem;\n    color: #aaa;\n    line-height: 1.4;\n  }\n\n  \/* \u2500\u2500 PULL QUOTE \u2500\u2500 *\/\n  .pull-quote {\n    border-left: 5px solid var(--vermelho);\n    margin: 40px 0;\n    padding: 20px 28px;\n    background: var(--bege);\n    position: relative;\n  }\n  .pull-quote blockquote {\n    font-family: 'Playfair Display', serif;\n    font-size: 1.3rem;\n    font-style: italic;\n    color: var(--cinza-escuro);\n    line-height: 1.5;\n  }\n  .pull-quote cite {\n    display: block;\n    margin-top: 10px;\n    font-family: 'Oswald', sans-serif;\n    font-size: 0.75rem;\n    letter-spacing: 2px;\n    text-transform: uppercase;\n    color: var(--vermelho);\n    font-style: normal;\n  }\n\n  \/* \u2500\u2500 HIGHLIGHT BOX \u2500\u2500 *\/\n  .highlight-box {\n    background: var(--vermelho-escuro);\n    color: #fff;\n    padding: 28px 32px;\n    margin: 36px 0;\n    position: relative;\n    border-left: 6px solid var(--amarelo);\n  }\n  .highlight-box strong {\n    display: block;\n    font-family: 'Oswald', sans-serif;\n    font-size: 0.78rem;\n    letter-spacing: 3px;\n    text-transform: uppercase;\n    color: var(--amarelo);\n    margin-bottom: 10px;\n  }\n  .highlight-box p {\n    font-size: 0.95rem;\n    line-height: 1.65;\n    color: #ddd;\n    margin: 0;\n  }\n\n  \/* \u2500\u2500 LIST STYLED \u2500\u2500 *\/\n  .styled-list {\n    list-style: none;\n    padding: 0;\n    margin: 20px 0 28px;\n  }\n  .styled-list li {\n    padding: 12px 0 12px 28px;\n    border-bottom: 1px solid #e0d8d0;\n    position: relative;\n    font-size: 0.94rem;\n    line-height: 1.65;\n  }\n  .styled-list li::before {\n    content: '\u25b6';\n    position: absolute;\n    left: 0;\n    color: var(--vermelho);\n    font-size: 0.65rem;\n    top: 16px;\n  }\n  .styled-list li strong {\n    color: var(--cinza-escuro);\n  }\n\n  \/* \u2500\u2500 CONCLUS\u00c3O \u2500\u2500 *\/\n  .conclusao {\n    background: var(--cinza-escuro);\n    color: #e0d8cc;\n    padding: 44px;\n    margin: 48px 0 0;\n    text-align: center;\n    border-top: 6px solid var(--vermelho);\n  }\n  .conclusao p {\n    font-family: 'Playfair Display', serif;\n    font-size: 1.2rem;\n    font-style: italic;\n    line-height: 1.7;\n    max-width: 640px;\n    margin: 0 auto;\n    color: #c8c0b8;\n  }\n  .conclusao em {\n    color: var(--amarelo);\n    font-style: normal;\n    font-weight: 700;\n  }\n\n  \/* \u2500\u2500 FOOTER \u2500\u2500 *\/\n  .footer {\n    background: var(--preto);\n    text-align: center;\n    padding: 24px;\n    font-family: 'Oswald', sans-serif;\n    font-size: 11px;\n    letter-spacing: 2px;\n    text-transform: uppercase;\n    color: #444;\n  }\n  .footer span { color: var(--vermelho); }\n\n  \/* \u2500\u2500 RESPONSIVE \u2500\u2500 *\/\n  @media (max-width: 640px) {\n    .header-inner { padding: 36px 20px 32px; }\n    .container { padding: 0 18px; }\n    .lead-block { padding: 28px 20px 28px 28px; }\n    .timeline::before { left: 16px; }\n    .tl-item, .tl-item:nth-child(odd) { flex-direction: column; padding-left: 44px; }\n    .tl-item:nth-child(odd) .tl-card { text-align: left; }\n    .tl-card { width: 100%; }\n    .tl-dot { left: 16px; top: 4px; }\n    table { font-size: 0.78rem; }\n    td, th { padding: 10px 10px; }\n    .conclusao { padding: 32px 20px; }\n  }\n<\/style>\n<\/head>\n<body>\n\n<!-- HEADER -->\n<header class=\"header\">\n  <div class=\"header-stripe\"><\/div>\n  <div class=\"header-inner\">\n    <div class=\"header-kicker\">An\u00e1lise Pol\u00edtica \u00b7 Cr\u00edtica e Contexto<\/div>\n    <h1>Uma Vez <span>Golpista,<\/span><br>Sempre Golpista<\/h1>\n    <p class=\"header-subtitle\">Do impeachment de Dilma ao submundo do sistema financeiro: o padr\u00e3o de Michel Temer e o custo social de um governo de exce\u00e7\u00e3o<\/p>\n    <div class=\"header-meta\">\n      <span>An\u00e1lise Aprofundada<\/span>\n      <span>\u00b7<\/span>\n      <span>Democracia &amp; Direitos<\/span>\n      <span>\u00b7<\/span>\n      <span>2024\u20132026<\/span>\n    <\/div>\n  <\/div>\n<\/header>\n\n<!-- LEAD -->\n<div class=\"lead-block\">\n  <p>A figura do golpista Michel Temer nunca deixou as sombras; ela apenas aguarda o momento oportuno para operar. O novo epis\u00f3dio envolve sua atua\u00e7\u00e3o direta nos bastidores da tentativa de compra do Banco Master pela Fictor \u2014 uma engrenagem obscura que se move sob o verniz de articula\u00e7\u00f5es pol\u00edticas e financeiras, levantando questionamentos profundos sobre quem s\u00e3o os reais benefici\u00e1rios dessa movimenta\u00e7\u00e3o estrat\u00e9gica.<\/p>\n<\/div>\n\n<!-- STAT CARDS -->\n<div class=\"container\">\n  <div class=\"stat-grid\" style=\"margin-top:48px;\">\n    <div class=\"stat-card\">\n      <div class=\"stat-number\">R$500<span style=\"font-size:1.4rem\">mil<\/span><\/div>\n      <div class=\"stat-label\">Propina da JBS<\/div>\n      <div class=\"stat-desc\">Valor da mala de dinheiro vivo carregada por Rocha Loures em S\u00e3o Paulo<\/div>\n    <\/div>\n    <div class=\"stat-card amarelo\">\n      <div class=\"stat-number\">20<\/div>\n      <div class=\"stat-label\">Anos congelados<\/div>\n      <div class=\"stat-desc\">A EC 95 travou os gastos em sa\u00fade e educa\u00e7\u00e3o por duas d\u00e9cadas completas<\/div>\n    <\/div>\n    <div class=\"stat-card\">\n      <div class=\"stat-number\">2016<\/div>\n      <div class=\"stat-label\">Ruptura democr\u00e1tica<\/div>\n      <div class=\"stat-desc\">Queda de Dilma sem crime de responsabilidade comprovado<\/div>\n    <\/div>\n    <div class=\"stat-card amarelo\">\n      <div class=\"stat-number\">\u22481<\/div>\n      <div class=\"stat-label\">Sheik \u00e1rabe<\/div>\n      <div class=\"stat-desc\">Investidores dos Emirados envolvidos nas negocia\u00e7\u00f5es do Banco Master\/Fictor<\/div>\n    <\/div>\n  <\/div>\n\n  <!-- CHARGE SVG ILUSTRATIVA -->\n  <div class=\"charge-box\">\n    <div class=\"charge-header\">\u26a1 Charge \u00b7 Ilustra\u00e7\u00e3o Pol\u00edtica<\/div>\n    <div class=\"charge-svg-wrap\">\n      <img decoding=\"async\" src=\"https:\/\/senalbamg.org.br\/wp-content\/uploads\/2026\/04\/Gemini_Generated_Image_8wis3x8wis3x8wis.png\" alt=\"Charge pol\u00edtica sobre Michel Temer\" style=\"max-width:100%;height:auto;display:block;margin:0 auto;\">\n    <\/div>\n    <div class=\"charge-caption\">Charge pol\u00edtica sobre o governo Temer e o legado do golpe de 2016. Fonte: SENALBA-MG.<\/div>\n  <\/div>\n\n  <!-- SE\u00c7\u00c3O 1 -->\n  <h2 class=\"section-heading\">O Operador das Elites e o Golpe de 2016<\/h2>\n\n  <p>Falar de Michel Temer sem mencionar o golpe de 2016 \u00e9 imposs\u00edvel, pois esse evento define seu legado pol\u00edtico e a ruptura institucional que se seguiu. O que o pa\u00eds testemunhou foi um dos maiores atos de trai\u00e7\u00e3o pol\u00edtica da hist\u00f3ria recente \u2014 um movimento que se travestiu de legalidade para subverter a vontade popular.<\/p>\n\n  <div class=\"pull-quote\">\n    <blockquote>&#8220;Ao orquestrar a queda da presidente Dilma Rousseff \u2014 sem qualquer crime de responsabilidade comprovado \u2014 Temer n\u00e3o apenas violou a soberania do voto popular, rasgando o resultado de uma elei\u00e7\u00e3o democr\u00e1tica, mas abriu as comportas para a destrui\u00e7\u00e3o de direitos sociais, trabalhistas e previdenci\u00e1rios.&#8221;<\/blockquote>\n    <cite>\u2014 An\u00e1lise do per\u00edodo 2016\u20132018<\/cite>\n  <\/div>\n\n  <p>O impeachment foi a face s\u00f3rdida de um projeto neoliberal que n\u00e3o vencia nas urnas e precisou do tapet\u00e3o do Congresso Nacional e da manipula\u00e7\u00e3o midi\u00e1tica para ser implementado. Foi uma orquestra\u00e7\u00e3o de for\u00e7as econ\u00f4micas e setores do empresariado nacional e internacional que usaram o Congresso como um tribunal de exce\u00e7\u00e3o. A pauta n\u00e3o era moralidade, mas sim a instaura\u00e7\u00e3o de um regime de entrega de patrim\u00f4nio p\u00fablico.<\/p>\n\n  <!-- MAPA MENTAL SVG -->\n  <div class=\"mindmap-wrap\">\n    <div class=\"mindmap-title\">\ud83e\udde0 Mapa Mental \u2014 O Projeto Temer e Suas Ramifica\u00e7\u00f5es<\/div>\n    <svg viewBox=\"0 0 760 480\" width=\"100%\" style=\"max-width:760px;display:block;margin:0 auto;\" xmlns=\"http:\/\/www.w3.org\/2000\/svg\" font-family=\"'Oswald', Arial, sans-serif\">\n      <!-- Centro -->\n      <ellipse cx=\"380\" cy=\"240\" rx=\"90\" ry=\"44\" fill=\"#c0202a\"\/>\n      <text x=\"380\" y=\"235\" text-anchor=\"middle\" font-size=\"13\" fill=\"#fff\" font-weight=\"bold\">GOVERNO<\/text>\n      <text x=\"380\" y=\"252\" text-anchor=\"middle\" font-size=\"13\" fill=\"#ffd700\" font-weight=\"bold\">TEMER<\/text>\n\n      <!-- Ramos -->\n      <!-- 1 Golpe -->\n      <line x1=\"294\" y1=\"218\" x2=\"168\" y2=\"148\" stroke=\"#8b1219\" stroke-width=\"2.5\"\/>\n      <ellipse cx=\"130\" cy=\"132\" rx=\"75\" ry=\"34\" fill=\"#1a1a1a\"\/>\n      <text x=\"130\" y=\"127\" text-anchor=\"middle\" font-size=\"11\" fill=\"#ffd700\" font-weight=\"bold\">Golpe 2016<\/text>\n      <text x=\"130\" y=\"143\" text-anchor=\"middle\" font-size=\"9.5\" fill=\"#aaa\">Sem crime comprovado<\/text>\n      <!-- sub-ramo -->\n      <line x1=\"74\" y1=\"115\" x2=\"36\" y2=\"82\" stroke=\"#555\" stroke-width=\"1.5\"\/>\n      <rect x=\"-4\" y=\"60\" width=\"82\" height=\"26\" rx=\"4\" fill=\"#333\"\/>\n      <text x=\"36\" y=\"77\" text-anchor=\"middle\" font-size=\"9\" fill=\"#ddd\">Impeachment de Dilma<\/text>\n\n      <!-- 2 Reforma Trabalhista -->\n      <line x1=\"318\" y1=\"198\" x2=\"210\" y2=\"95\" stroke=\"#8b1219\" stroke-width=\"2.5\"\/>\n      <ellipse cx=\"225\" cy=\"74\" rx=\"90\" ry=\"34\" fill=\"#1a1a1a\"\/>\n      <text x=\"225\" y=\"68\" text-anchor=\"middle\" font-size=\"11\" fill=\"#ffd700\" font-weight=\"bold\">Lei 13.467\/2017<\/text>\n      <text x=\"225\" y=\"84\" text-anchor=\"middle\" font-size=\"9.5\" fill=\"#aaa\">Reforma Trabalhista<\/text>\n      <!-- sub -->\n      <line x1=\"188\" y1=\"56\" x2=\"158\" y2=\"26\" stroke=\"#555\" stroke-width=\"1.5\"\/>\n      <rect x=\"82\" y=\"8\" width=\"98\" height=\"22\" rx=\"4\" fill=\"#333\"\/>\n      <text x=\"131\" y=\"23\" text-anchor=\"middle\" font-size=\"8.5\" fill=\"#ddd\">Trabalho intermitente<\/text>\n\n      <!-- 3 EC 95 -->\n      <line x1=\"380\" y1=\"196\" x2=\"380\" y2=\"90\" stroke=\"#8b1219\" stroke-width=\"2.5\"\/>\n      <ellipse cx=\"380\" cy=\"67\" rx=\"84\" ry=\"34\" fill=\"#1a1a1a\"\/>\n      <text x=\"380\" y=\"61\" text-anchor=\"middle\" font-size=\"11\" fill=\"#ffd700\" font-weight=\"bold\">EC 95 \u2014 20 anos<\/text>\n      <text x=\"380\" y=\"77\" text-anchor=\"middle\" font-size=\"9.5\" fill=\"#aaa\">Teto de gastos<\/text>\n      <!-- sub -->\n      <line x1=\"434\" y1=\"50\" x2=\"476\" y2=\"22\" stroke=\"#555\" stroke-width=\"1.5\"\/>\n      <rect x=\"440\" y=\"5\" width=\"108\" height=\"22\" rx=\"4\" fill=\"#333\"\/>\n      <text x=\"494\" y=\"20\" text-anchor=\"middle\" font-size=\"8.5\" fill=\"#ddd\">SUS e Educa\u00e7\u00e3o asfixiados<\/text>\n\n      <!-- 4 Corrup\u00e7\u00e3o -->\n      <line x1=\"466\" y1=\"198\" x2=\"578\" y2=\"108\" stroke=\"#8b1219\" stroke-width=\"2.5\"\/>\n      <ellipse cx=\"618\" cy=\"90\" rx=\"84\" ry=\"34\" fill=\"#1a1a1a\"\/>\n      <text x=\"618\" y=\"84\" text-anchor=\"middle\" font-size=\"11\" fill=\"#ffd700\" font-weight=\"bold\">Mala JBS<\/text>\n      <text x=\"618\" y=\"100\" text-anchor=\"middle\" font-size=\"9.5\" fill=\"#aaa\">R$500 mil \/ Rocha Loures<\/text>\n      <!-- sub -->\n      <line x1=\"670\" y1=\"72\" x2=\"710\" y2=\"42\" stroke=\"#555\" stroke-width=\"1.5\"\/>\n      <rect x=\"668\" y=\"22\" width=\"92\" height=\"22\" rx=\"4\" fill=\"#333\"\/>\n      <text x=\"714\" y=\"37\" text-anchor=\"middle\" font-size=\"8.5\" fill=\"#ddd\">PGR: Temer r\u00e9u<\/text>\n\n      <!-- 5 Previd\u00eancia -->\n      <line x1=\"470\" y1=\"240\" x2=\"612\" y2=\"240\" stroke=\"#8b1219\" stroke-width=\"2.5\"\/>\n      <ellipse cx=\"660\" cy=\"240\" rx=\"84\" ry=\"34\" fill=\"#1a1a1a\"\/>\n      <text x=\"660\" y=\"234\" text-anchor=\"middle\" font-size=\"11\" fill=\"#ffd700\" font-weight=\"bold\">Previd\u00eancia<\/text>\n      <text x=\"660\" y=\"250\" text-anchor=\"middle\" font-size=\"9.5\" fill=\"#aaa\">Desmonte parcial bloqueado<\/text>\n      <!-- sub -->\n      <line x1=\"658\" y1=\"274\" x2=\"658\" y2=\"304\" stroke=\"#555\" stroke-width=\"1.5\"\/>\n      <rect x=\"600\" y=\"304\" width=\"118\" height=\"22\" rx=\"4\" fill=\"#333\"\/>\n      <text x=\"659\" y=\"319\" text-anchor=\"middle\" font-size=\"8.5\" fill=\"#ddd\">Pr\u00e9-sal entregue ao exterior<\/text>\n\n      <!-- 6 Sistema Financeiro -->\n      <line x1=\"426\" y1=\"278\" x2=\"520\" y2=\"368\" stroke=\"#8b1219\" stroke-width=\"2.5\"\/>\n      <ellipse cx=\"570\" cy=\"392\" rx=\"102\" ry=\"34\" fill=\"#1a1a1a\"\/>\n      <text x=\"570\" y=\"386\" text-anchor=\"middle\" font-size=\"11\" fill=\"#ffd700\" font-weight=\"bold\">Banco Master\/Fictor<\/text>\n      <text x=\"570\" y=\"402\" text-anchor=\"middle\" font-size=\"9.5\" fill=\"#aaa\">Nova articula\u00e7\u00e3o 2024\u201326<\/text>\n      <!-- sub -->\n      <line x1=\"490\" y1=\"408\" x2=\"450\" y2=\"440\" stroke=\"#555\" stroke-width=\"1.5\"\/>\n      <rect x=\"358\" y=\"436\" width=\"116\" height=\"22\" rx=\"4\" fill=\"#333\"\/>\n      <text x=\"416\" y=\"451\" text-anchor=\"middle\" font-size=\"8.5\" fill=\"#ddd\">Capital \u00e1rabe duvidoso<\/text>\n\n      <!-- 7 Desmonte Social -->\n      <line x1=\"340\" y1=\"280\" x2=\"240\" y2=\"380\" stroke=\"#8b1219\" stroke-width=\"2.5\"\/>\n      <ellipse cx=\"190\" cy=\"406\" rx=\"102\" ry=\"34\" fill=\"#1a1a1a\"\/>\n      <text x=\"190\" y=\"400\" text-anchor=\"middle\" font-size=\"11\" fill=\"#ffd700\" font-weight=\"bold\">Legado Social<\/text>\n      <text x=\"190\" y=\"416\" text-anchor=\"middle\" font-size=\"9.5\" fill=\"#aaa\">Fome \u00b7 Desemprego \u00b7 Mis\u00e9ria<\/text>\n      <!-- sub -->\n      <line x1=\"102\" y1=\"398\" x2=\"58\" y2=\"420\" stroke=\"#555\" stroke-width=\"1.5\"\/>\n      <rect x=\"-10\" y=\"416\" width=\"118\" height=\"22\" rx=\"4\" fill=\"#333\"\/>\n      <text x=\"49\" y=\"431\" text-anchor=\"middle\" font-size=\"8.5\" fill=\"#ddd\">Informalidade recorde<\/text>\n    <\/svg>\n  <\/div>\n\n  <!-- SE\u00c7\u00c3O 2 -->\n  <h2 class=\"section-heading\">O Flagelo do Trabalhador: Reforma Trabalhista e Teto de Gastos<\/h2>\n\n  <p>O mandato do golpista foi um laborat\u00f3rio de perversidade social. Sua gest\u00e3o foi marcada por uma ofensiva radical contra quem produz a riqueza do pa\u00eds. Apresentada sob o cinismo do mote de &#8220;moderniza\u00e7\u00e3o&#8221;, a Lei 13.467\/2017 foi, na realidade, um golpe cir\u00fargico contra a Consolida\u00e7\u00e3o das Leis do Trabalho (CLT).<\/p>\n\n  <ul class=\"styled-list\">\n    <li><strong>A &#8220;Deforma&#8221; Trabalhista (Lei 13.467\/2017):<\/strong> O governo golpista de Michel Temer agiu em favor do grande capital, desmantelando direitos hist\u00f3ricos ao permitir que &#8220;o negociado prevalecesse sobre o legislado&#8221;. Na pr\u00e1tica, essa &#8220;deforma&#8221; institucionalizou a precariza\u00e7\u00e3o, legalizando aberra\u00e7\u00f5es como o trabalho intermitente \u2014 que mant\u00e9m o trabalhador \u00e0 disposi\u00e7\u00e3o do empregador sem garantia de renda m\u00ednima \u2014 e transformando o trabalhador em um &#8220;empreendedor de si mesmo&#8221;. O resultado foi o oposto do prometido: recordes hist\u00f3ricos de informalidade e agravamento da inseguran\u00e7a alimentar.<\/li>\n    <li><strong>A PEC da Morte \u2014 Emenda Constitucional 95\/2016:<\/strong> Esta medida draconiana congelou, por duas d\u00e9cadas, o investimento real em \u00e1reas vitais como sa\u00fade, educa\u00e7\u00e3o e assist\u00eancia social. Ao vincular a corre\u00e7\u00e3o dos gastos p\u00fablicos unicamente \u00e0 infla\u00e7\u00e3o do ano anterior, o golpista condenou deliberadamente gera\u00e7\u00f5es inteiras de brasileiros ao sucateamento progressivo dos servi\u00e7os p\u00fablicos essenciais.<\/li>\n  <\/ul>\n\n  <div class=\"highlight-box\">\n    <strong>\u26a0\ufe0f Aten\u00e7\u00e3o \u2014 Impacto Geracional<\/strong>\n    <p>A Emenda Constitucional 95 \u00e9, na pr\u00e1tica, um contrato de abandono firmado em nome de todos os brasileiros por um governo que chegou ao poder sem vencer uma \u00fanica elei\u00e7\u00e3o para presidente. Cada real cortado do SUS ou da educa\u00e7\u00e3o foi um recado: os mercados valem mais que o povo.<\/p>\n  <\/div>\n\n  <!-- SE\u00c7\u00c3O 3 -->\n  <h2 class=\"section-heading\">A Rapina da Previd\u00eancia: O Golpe que o Povo Barrou<\/h2>\n\n  <p>A passagem pelo Planalto do golpista teve um prop\u00f3sito central e inegoci\u00e1vel: desmontar a seguridade social p\u00fablica, um pilar de sustenta\u00e7\u00e3o do Estado de bem-estar social brasileiro. A inten\u00e7\u00e3o era obrigar o trabalhador a permanecer na ativa at\u00e9 o limite da vida, fazendo com que morressem no posto de trabalho ou em condi\u00e7\u00f5es prec\u00e1rias de sa\u00fade, sem jamais atingir o direito \u00e0 aposentadoria integral.<\/p>\n\n  <p>Contudo, apesar da derrota parcial de sua proposta mais radical, o governo Temer foi fundamental para pavimentar o caminho da desestrutura\u00e7\u00e3o. Ele criou o ambiente pol\u00edtico e ideol\u00f3gico que preparou o terreno para a reforma mais ampla aprovada em governos subsequentes. O objetivo final era claro: transformar um direito fundamental e universal em um lucrativo mercado controlado pelos grandes bancos.<\/p>\n\n  <div class=\"pull-quote\">\n    <blockquote>&#8220;Anos depois de deixar a presid\u00eancia, Temer se reposiciona atuando ativamente nos bastidores do mesmo mercado financeiro que sua pol\u00edtica ajudou a fortalecer.&#8221;<\/blockquote>\n    <cite>\u2014 O padr\u00e3o se repete<\/cite>\n  <\/div>\n\n  <!-- LINHA DO TEMPO -->\n  <div class=\"timeline-wrap\">\n    <div class=\"timeline-title\">\u23f1 Linha do Tempo \u2014 O Padr\u00e3o Temer em A\u00e7\u00e3o<\/div>\n    <div class=\"timeline\">\n      <div class=\"tl-item\">\n        <div class=\"tl-card\">\n          <div class=\"tl-date\">Maio de 2016<\/div>\n          <div class=\"tl-event\">Afastamento de Dilma e ascens\u00e3o do golpista<\/div>\n          <div class=\"tl-desc\">Ruptura democr\u00e1tica sem crime de responsabilidade; in\u00edcio imediato da agenda de retrocessos sociais e trabalhistas.<\/div>\n        <\/div>\n        <div class=\"tl-dot\"><\/div>\n        <div class=\"tl-card\" style=\"visibility:hidden\"><\/div>\n      <\/div>\n      <div class=\"tl-item\">\n        <div class=\"tl-card\" style=\"visibility:hidden\"><\/div>\n        <div class=\"tl-dot\" style=\"background:#f5c518\"><\/div>\n        <div class=\"tl-card\">\n          <div class=\"tl-date\">Dezembro de 2016<\/div>\n          <div class=\"tl-event\">Aprova\u00e7\u00e3o da EC 95 \u2014 a &#8220;PEC da Morte&#8221;<\/div>\n          <div class=\"tl-desc\">Congelamento de 20 anos dos gastos sociais em sa\u00fade, educa\u00e7\u00e3o e assist\u00eancia social.<\/div>\n        <\/div>\n      <\/div>\n      <div class=\"tl-item\">\n        <div class=\"tl-card\">\n          <div class=\"tl-date\">Maio de 2017<\/div>\n          <div class=\"tl-event\">Esc\u00e2ndalo da mala de R$500 mil<\/div>\n          <div class=\"tl-desc\">Flagrante da Pol\u00edcia Federal com Rocha Loures, expondo o Planalto como balc\u00e3o de propinas da JBS. A PGR indica Temer como destinat\u00e1rio final.<\/div>\n        <\/div>\n        <div class=\"tl-dot\"><\/div>\n        <div class=\"tl-card\" style=\"visibility:hidden\"><\/div>\n      <\/div>\n      <div class=\"tl-item\">\n        <div class=\"tl-card\" style=\"visibility:hidden\"><\/div>\n        <div class=\"tl-dot\" style=\"background:#f5c518\"><\/div>\n        <div class=\"tl-card\">\n          <div class=\"tl-date\">Julho de 2017<\/div>\n          <div class=\"tl-event\">Aprova\u00e7\u00e3o da Reforma Trabalhista<\/div>\n          <div class=\"tl-desc\">O maior ataque \u00e0 CLT da hist\u00f3ria recente, institucionalizando a precariza\u00e7\u00e3o e o trabalho intermitente sem sal\u00e1rio m\u00ednimo garantido.<\/div>\n        <\/div>\n      <\/div>\n      <div class=\"tl-item\">\n        <div class=\"tl-card\">\n          <div class=\"tl-date\">2017\u20132018<\/div>\n          <div class=\"tl-event\">Tentativa de reforma previdenci\u00e1ria<\/div>\n          <div class=\"tl-desc\">Barrada pela mobiliza\u00e7\u00e3o sindical e por greves gerais hist\u00f3ricas. Derrota parcial que n\u00e3o impediu o desmonte posterior.<\/div>\n        <\/div>\n        <div class=\"tl-dot\"><\/div>\n        <div class=\"tl-card\" style=\"visibility:hidden\"><\/div>\n      <\/div>\n      <div class=\"tl-item\">\n        <div class=\"tl-card\" style=\"visibility:hidden\"><\/div>\n        <div class=\"tl-dot\" style=\"background:#f5c518; border-color:#c0202a\"><\/div>\n        <div class=\"tl-card\">\n          <div class=\"tl-date\">2024\u20132026<\/div>\n          <div class=\"tl-event\">Sombras no Sistema Financeiro<\/div>\n          <div class=\"tl-desc\">Articula\u00e7\u00f5es obscuras no caso Banco Master\/Fictor, ligando o golpista a capitais estrangeiros sob suspeita \u2014 o padr\u00e3o se repete.<\/div>\n        <\/div>\n      <\/div>\n    <\/div>\n  <\/div>\n\n  <!-- SE\u00c7\u00c3O 4 -->\n  <h2 class=\"section-heading\">De Rocha Loures ao Banco Master: O Balc\u00e3o de Neg\u00f3cios<\/h2>\n\n  <p>A trajet\u00f3ria pol\u00edtica do golpista Temer \u00e9 mais do que pontuada por cenas de crime: ela \u00e9 <em>definida<\/em> por elas. \u00c9 imposs\u00edvel apagar da mem\u00f3ria coletiva a imagem de seu assessor e aliado \u00edntimo, Rodrigo Rocha Loures, correndo em uma rua de S\u00e3o Paulo com uma mala carregada de dinheiro vivo, contendo R$500 mil em propina da JBS.<\/p>\n\n  <p>Essa cena, que parecia sa\u00edda de um filme de m\u00e1fia, foi a prova cabal de um sistema. A den\u00fancia apresentada pela Procuradoria-Geral da Rep\u00fablica (PGR) foi cir\u00fargica ao apontar que Temer era o destinat\u00e1rio final do suborno, o verdadeiro chefe por tr\u00e1s de uma organiza\u00e7\u00e3o criminosa que transformou o Pal\u00e1cio do Planalto em um balc\u00e3o de neg\u00f3cios escusos e privados.<\/p>\n\n  <div class=\"highlight-box\">\n    <strong>\ud83d\udd0d O Que Torna o Banco Master Diferente<\/strong>\n    <p>O que torna o caso atual ainda mais escandaloso \u00e9 o contexto: a tentativa de compra do Banco Master pela Fictor floresceu no terreno f\u00e9rtil do colapso de uma institui\u00e7\u00e3o envolvida em fraudes financeiras massivas. Mesmo com o cerco das investiga\u00e7\u00f5es, as tratativas seguiram a passos largos, envolvendo investidores dos Emirados \u00c1rabes Unidos e figuras internacionais de transpar\u00eancia duvidosa. A presen\u00e7a de um sheik \u00e1rabe n\u00e3o \u00e9 um detalhe ex\u00f3tico, mas um sinal de alerta sobre a desnacionaliza\u00e7\u00e3o do sistema financeiro nacional.<\/p>\n  <\/div>\n\n  <!-- TABELA 1 -->\n  <div class=\"table-wrap\">\n    <div class=\"table-label\">Quadro 1 \u2014 O Legado da Precariza\u00e7\u00e3o<\/div>\n    <table>\n      <thead>\n        <tr>\n          <th>Indicador<\/th>\n          <th>Impacto da Gest\u00e3o Temer<\/th>\n        <\/tr>\n      <\/thead>\n      <tbody>\n        <tr>\n          <td>Desemprego \/ Informalidade <span class=\"badge-red\">Cr\u00edtico<\/span><\/td>\n          <td>Aumento da taxa de subutiliza\u00e7\u00e3o da for\u00e7a de trabalho para n\u00edveis recordes p\u00f3s-2017, com explos\u00e3o do trabalho por conta pr\u00f3pria por necessidade, n\u00e3o por escolha.<\/td>\n        <\/tr>\n        <tr>\n          <td>Renda M\u00e9dia <span class=\"badge-red\">Cr\u00edtico<\/span><\/td>\n          <td>Estagna\u00e7\u00e3o do poder de compra e crescimento do trabalho intermitente (sem sal\u00e1rio fixo garantido), ampliando a inseguran\u00e7a alimentar nas fam\u00edlias trabalhadoras.<\/td>\n        <\/tr>\n        <tr>\n          <td>Investimento Social <span class=\"badge-red\">Cr\u00edtico<\/span><\/td>\n          <td>Congelamento real via EC 95 que resultou em perdas bilion\u00e1rias para o SUS ao longo de 20 anos \u2014 cobertura vacinal caiu e doen\u00e7as erradicadas regressaram.<\/td>\n        <\/tr>\n      <\/tbody>\n    <\/table>\n  <\/div>\n\n  <!-- TABELA 2 -->\n  <div class=\"table-wrap\">\n    <div class=\"table-label\">Quadro 2 \u2014 Linha do Tempo do Golpe<\/div>\n    <table>\n      <thead>\n        <tr>\n          <th>Data<\/th>\n          <th>Evento Chave<\/th>\n          <th>Impacto e Significado Pol\u00edtico<\/th>\n        <\/tr>\n      <\/thead>\n      <tbody>\n        <tr>\n          <td>Mai\/2016<\/td>\n          <td><strong>Afastamento de Dilma e ascens\u00e3o do golpista<\/strong><\/td>\n          <td>Ruptura democr\u00e1tica sem crime de responsabilidade; in\u00edcio da agenda de retrocessos.<\/td>\n        <\/tr>\n        <tr>\n          <td>Mai\/2017<\/td>\n          <td><strong>Esc\u00e2ndalo da mala de R$500 mil<\/strong><\/td>\n          <td>Flagrante da PF com Rocha Loures, expondo o Planalto como balc\u00e3o de propinas da JBS.<\/td>\n        <\/tr>\n        <tr>\n          <td>Jul\/2017<\/td>\n          <td><strong>Aprova\u00e7\u00e3o da Reforma Trabalhista<\/strong><\/td>\n          <td>O maior ataque \u00e0 CLT da hist\u00f3ria, institucionalizando a precariza\u00e7\u00e3o e o trabalho intermitente.<\/td>\n        <\/tr>\n        <tr>\n          <td>2024\u20132026<\/td>\n          <td><strong>Sombras no Sistema Financeiro<\/strong><\/td>\n          <td>Articula\u00e7\u00f5es obscuras no caso Banco Master\/Fictor, ligando o golpista a capitais estrangeiros sob suspeita.<\/td>\n        <\/tr>\n      <\/tbody>\n    <\/table>\n  <\/div>\n\n  <!-- TABELA 3 -->\n  <div class=\"table-wrap\">\n    <div class=\"table-label\">Quadro 3 \u2014 O Custo Social da Austeridade<\/div>\n    <table>\n      <thead>\n        <tr>\n          <th>\u00c1rea de Impacto<\/th>\n          <th>A\u00e7\u00f5es do Governo Golpista<\/th>\n          <th>Consequ\u00eancias para a Popula\u00e7\u00e3o<\/th>\n        <\/tr>\n      <\/thead>\n      <tbody>\n        <tr>\n          <td>Sa\u00fade P\u00fablica<\/td>\n          <td>Asfixia financeira via EC 95 e desidrata\u00e7\u00e3o do Farm\u00e1cia Popular.<\/td>\n          <td>Queda dr\u00e1stica na cobertura vacinal, retorno de doen\u00e7as erradicadas e desabastecimento de rem\u00e9dios essenciais.<\/td>\n        <\/tr>\n        <tr>\n          <td>Educa\u00e7\u00e3o e Ci\u00eancia<\/td>\n          <td>Cortes sucessivos em universidades federais e contingenciamento de bolsas.<\/td>\n          <td>Interrup\u00e7\u00e3o de pesquisas cient\u00edficas, sucateamento da infraestrutura acad\u00eamica e fuga de c\u00e9rebros.<\/td>\n        <\/tr>\n        <tr>\n          <td>Soberania Nacional<\/td>\n          <td>Privatiza\u00e7\u00e3o fatiada de ativos da Petrobras e entrega do pr\u00e9-sal.<\/td>\n          <td>Enfraquecimento do controle estatal sobre a energia e submiss\u00e3o da economia aos interesses de petroleiras estrangeiras.<\/td>\n        <\/tr>\n      <\/tbody>\n    <\/table>\n  <\/div>\n\n  <!-- INFOGR\u00c1FICO COMPARATIVO -->\n  <div style=\"margin:48px 0; background:#fff; border:1px solid #e0d8d0; padding:32px; box-shadow:0 4px 24px rgba(0,0,0,0.06);\">\n    <div class=\"mindmap-title\" style=\"color:var(--vermelho); margin-bottom:28px;\">\ud83d\udcca Comparativo: Antes e Depois das Reformas Temer<\/div>\n    <svg viewBox=\"0 0 700 280\" width=\"100%\" style=\"max-width:700px;display:block;margin:0 auto;\" xmlns=\"http:\/\/www.w3.org\/2000\/svg\">\n      <!-- Eixo Y -->\n      <line x1=\"80\" y1=\"20\" x2=\"80\" y2=\"240\" stroke=\"#ccc\" stroke-width=\"1.5\"\/>\n      <!-- Eixo X -->\n      <line x1=\"80\" y1=\"240\" x2=\"660\" y2=\"240\" stroke=\"#ccc\" stroke-width=\"1.5\"\/>\n      <!-- Labels Y -->\n      <text x=\"74\" y=\"30\" text-anchor=\"end\" font-size=\"10\" fill=\"#999\" font-family=\"Arial\">100%<\/text>\n      <text x=\"74\" y=\"90\" text-anchor=\"end\" font-size=\"10\" fill=\"#999\" font-family=\"Arial\">75%<\/text>\n      <text x=\"74\" y=\"150\" text-anchor=\"end\" font-size=\"10\" fill=\"#999\" font-family=\"Arial\">50%<\/text>\n      <text x=\"74\" y=\"210\" text-anchor=\"end\" font-size=\"10\" fill=\"#999\" font-family=\"Arial\">25%<\/text>\n      <!-- Linhas guia -->\n      <line x1=\"80\" y1=\"30\" x2=\"660\" y2=\"30\" stroke=\"#f0ebe4\" stroke-width=\"1\"\/>\n      <line x1=\"80\" y1=\"90\" x2=\"660\" y2=\"90\" stroke=\"#f0ebe4\" stroke-width=\"1\"\/>\n      <line x1=\"80\" y1=\"150\" x2=\"660\" y2=\"150\" stroke=\"#f0ebe4\" stroke-width=\"1\"\/>\n      <line x1=\"80\" y1=\"210\" x2=\"660\" y2=\"210\" stroke=\"#f0ebe4\" stroke-width=\"1\"\/>\n\n      <!-- GRUPO 1: Prote\u00e7\u00e3o trabalhista -->\n      <rect x=\"100\" y=\"60\" width=\"54\" height=\"180\" fill=\"#2e7d32\" rx=\"3\"\/>\n      <rect x=\"160\" y=\"150\" width=\"54\" height=\"90\" fill=\"#c0202a\" rx=\"3\"\/>\n      <text x=\"139\" y=\"258\" text-anchor=\"middle\" font-size=\"9\" fill=\"#555\" font-family=\"Arial\">Prote\u00e7\u00e3o<\/text>\n      <text x=\"139\" y=\"268\" text-anchor=\"middle\" font-size=\"9\" fill=\"#555\" font-family=\"Arial\">Trabalhista<\/text>\n\n      <!-- GRUPO 2: Investimento Sa\u00fade -->\n      <rect x=\"240\" y=\"55\" width=\"54\" height=\"185\" fill=\"#2e7d32\" rx=\"3\"\/>\n      <rect x=\"300\" y=\"130\" width=\"54\" height=\"110\" fill=\"#c0202a\" rx=\"3\"\/>\n      <text x=\"279\" y=\"258\" text-anchor=\"middle\" font-size=\"9\" fill=\"#555\" font-family=\"Arial\">Invest.<\/text>\n      <text x=\"279\" y=\"268\" text-anchor=\"middle\" font-size=\"9\" fill=\"#555\" font-family=\"Arial\">em Sa\u00fade<\/text>\n\n      <!-- GRUPO 3: Empregos formais -->\n      <rect x=\"380\" y=\"80\" width=\"54\" height=\"160\" fill=\"#2e7d32\" rx=\"3\"\/>\n      <rect x=\"440\" y=\"165\" width=\"54\" height=\"75\" fill=\"#c0202a\" rx=\"3\"\/>\n      <text x=\"419\" y=\"258\" text-anchor=\"middle\" font-size=\"9\" fill=\"#555\" font-family=\"Arial\">Empregos<\/text>\n      <text x=\"419\" y=\"268\" text-anchor=\"middle\" font-size=\"9\" fill=\"#555\" font-family=\"Arial\">Formais<\/text>\n\n      <!-- GRUPO 4: Poder de compra -->\n      <rect x=\"520\" y=\"65\" width=\"54\" height=\"175\" fill=\"#2e7d32\" rx=\"3\"\/>\n      <rect x=\"580\" y=\"160\" width=\"54\" height=\"80\" fill=\"#c0202a\" rx=\"3\"\/>\n      <text x=\"559\" y=\"258\" text-anchor=\"middle\" font-size=\"9\" fill=\"#555\" font-family=\"Arial\">Poder de<\/text>\n      <text x=\"559\" y=\"268\" text-anchor=\"middle\" font-size=\"9\" fill=\"#555\" font-family=\"Arial\">Compra<\/text>\n\n      <!-- Legenda -->\n      <rect x=\"100\" y=\"8\" width=\"14\" height=\"12\" fill=\"#2e7d32\" rx=\"2\"\/>\n      <text x=\"118\" y=\"19\" font-size=\"10\" fill=\"#555\" font-family=\"Arial\">Antes (pr\u00e9-2016)<\/text>\n      <rect x=\"220\" y=\"8\" width=\"14\" height=\"12\" fill=\"#c0202a\" rx=\"2\"\/>\n      <text x=\"238\" y=\"19\" font-size=\"10\" fill=\"#555\" font-family=\"Arial\">Depois (reformas Temer)<\/text>\n    <\/svg>\n    <p style=\"font-size:0.78rem;color:#999;text-align:center;margin-top:12px;font-style:italic;\">Representa\u00e7\u00e3o proporcional ilustrativa baseada em indicadores socioecon\u00f4micos do per\u00edodo 2015\u20132019.<\/p>\n  <\/div>\n\n<\/div><!-- \/container -->\n\n<!-- CONCLUS\u00c3O -->\n<div class=\"conclusao\">\n  <p>Michel Temer representa o projeto de pa\u00eds onde <em>o lucro de poucos vale mais que a vida de milh\u00f5es<\/em>. Para o trabalhador e para a maioria da popula\u00e7\u00e3o, o legado deixado por esse per\u00edodo de exce\u00e7\u00e3o \u00e9 brutal e tang\u00edvel: a fome que voltou a assombrar milh\u00f5es de fam\u00edlias, o desemprego estrutural que destr\u00f3i o futuro e o luto amargo pelos direitos sociais e trabalhistas historicamente conquistados que foram perdidos sob sua caneta. <em>Repudiamos sua interfer\u00eancia no sistema financeiro e exigimos investiga\u00e7\u00e3o rigorosa sobre suas novas articula\u00e7\u00f5es. O golpista deve ser julgado pela hist\u00f3ria e pelos tribunais.<\/em><\/p>\n<\/div>\n\n<!-- FOOTER -->\n<div class=\"footer\">\n  An\u00e1lise Pol\u00edtica \u00b7 <span>Uma Vez Golpista, Sempre Golpista<\/span> \u00b7 Democracia &amp; Direitos Sociais\n<\/div>\n\n<\/body>\n<\/html>\n","protected":false},"excerpt":{"rendered":"<p>Uma Vez Golpista, Sempre Golpista An\u00e1lise Pol\u00edtica \u00b7 Cr\u00edtica e Contexto Uma Vez Golpista,Sempre Golpista<\/p>\n","protected":false},"author":6,"featured_media":2946,"comment_status":"closed","ping_status":"closed","sticky":false,"template":"","format":"standard","meta":{"footnotes":""},"categories":[5,32],"tags":[],"class_list":["post-2947","post","type-post","status-publish","format-standard","has-post-thumbnail","hentry","category-noticias","category-politica"],"yoast_head":"<!-- This site is optimized with the Yoast SEO plugin v25.1 - https:\/\/yoast.com\/wordpress\/plugins\/seo\/ -->\n<title>Uma Vez Golpista, Sempre Golpista - SENALBAMG<\/title>\n<meta name=\"robots\" content=\"index, follow, max-snippet:-1, max-image-preview:large, max-video-preview:-1\" \/>\n<link rel=\"canonical\" href=\"https:\/\/senalbamg.org.br\/index.php\/2026\/04\/29\/uma-vez-golpista-sempre-golpista\/\" \/>\n<meta property=\"og:locale\" content=\"pt_PT\" \/>\n<meta property=\"og:type\" content=\"article\" \/>\n<meta property=\"og:title\" content=\"Uma Vez Golpista, Sempre Golpista - SENALBAMG\" \/>\n<meta property=\"og:description\" content=\"Uma Vez Golpista, Sempre Golpista An\u00e1lise Pol\u00edtica \u00b7 Cr\u00edtica e Contexto Uma Vez Golpista,Sempre Golpista\" \/>\n<meta property=\"og:url\" content=\"https:\/\/senalbamg.org.br\/index.php\/2026\/04\/29\/uma-vez-golpista-sempre-golpista\/\" \/>\n<meta property=\"og:site_name\" content=\"SENALBAMG\" \/>\n<meta property=\"article:author\" content=\"https:\/\/www.facebook.com\/manucastelo1\/\" \/>\n<meta property=\"article:published_time\" content=\"2026-04-29T18:03:56+00:00\" \/>\n<meta property=\"article:modified_time\" content=\"2026-04-29T18:09:18+00:00\" \/>\n<meta property=\"og:image\" content=\"https:\/\/senalbamg.org.br\/wp-content\/uploads\/2026\/04\/Gemini_Generated_Image_8wis3x8wis3x8wis-825x1024.png\" \/>\n\t<meta property=\"og:image:width\" content=\"825\" \/>\n\t<meta property=\"og:image:height\" content=\"1024\" \/>\n\t<meta property=\"og:image:type\" content=\"image\/png\" \/>\n<meta name=\"author\" content=\"Senalbamg\" \/>\n<meta name=\"twitter:card\" content=\"summary_large_image\" \/>\n<meta name=\"twitter:creator\" content=\"@manucastelo\" \/>\n<meta name=\"twitter:label1\" content=\"Escrito por\" \/>\n\t<meta name=\"twitter:data1\" content=\"Senalbamg\" \/>\n\t<meta name=\"twitter:label2\" content=\"Tempo estimado de leitura\" \/>\n\t<meta name=\"twitter:data2\" content=\"10 minutos\" \/>\n<script type=\"application\/ld+json\" class=\"yoast-schema-graph\">{\"@context\":\"https:\/\/schema.org\",\"@graph\":[{\"@type\":\"Article\",\"@id\":\"https:\/\/senalbamg.org.br\/index.php\/2026\/04\/29\/uma-vez-golpista-sempre-golpista\/#article\",\"isPartOf\":{\"@id\":\"https:\/\/senalbamg.org.br\/index.php\/2026\/04\/29\/uma-vez-golpista-sempre-golpista\/\"},\"author\":{\"name\":\"Senalbamg\",\"@id\":\"https:\/\/senalbamg.org.br\/#\/schema\/person\/a1182b231037888a45ea6853e70d3ba0\"},\"headline\":\"Uma Vez Golpista, Sempre Golpista\",\"datePublished\":\"2026-04-29T18:03:56+00:00\",\"dateModified\":\"2026-04-29T18:09:18+00:00\",\"mainEntityOfPage\":{\"@id\":\"https:\/\/senalbamg.org.br\/index.php\/2026\/04\/29\/uma-vez-golpista-sempre-golpista\/\"},\"wordCount\":1814,\"publisher\":{\"@id\":\"https:\/\/senalbamg.org.br\/#organization\"},\"image\":{\"@id\":\"https:\/\/senalbamg.org.br\/index.php\/2026\/04\/29\/uma-vez-golpista-sempre-golpista\/#primaryimage\"},\"thumbnailUrl\":\"https:\/\/senalbamg.org.br\/wp-content\/uploads\/2026\/04\/Gemini_Generated_Image_8wis3x8wis3x8wis.png\",\"articleSection\":[\"Noticias\",\"Pol\u00edtica\"],\"inLanguage\":\"pt-PT\"},{\"@type\":\"WebPage\",\"@id\":\"https:\/\/senalbamg.org.br\/index.php\/2026\/04\/29\/uma-vez-golpista-sempre-golpista\/\",\"url\":\"https:\/\/senalbamg.org.br\/index.php\/2026\/04\/29\/uma-vez-golpista-sempre-golpista\/\",\"name\":\"Uma Vez Golpista, Sempre Golpista - SENALBAMG\",\"isPartOf\":{\"@id\":\"https:\/\/senalbamg.org.br\/#website\"},\"primaryImageOfPage\":{\"@id\":\"https:\/\/senalbamg.org.br\/index.php\/2026\/04\/29\/uma-vez-golpista-sempre-golpista\/#primaryimage\"},\"image\":{\"@id\":\"https:\/\/senalbamg.org.br\/index.php\/2026\/04\/29\/uma-vez-golpista-sempre-golpista\/#primaryimage\"},\"thumbnailUrl\":\"https:\/\/senalbamg.org.br\/wp-content\/uploads\/2026\/04\/Gemini_Generated_Image_8wis3x8wis3x8wis.png\",\"datePublished\":\"2026-04-29T18:03:56+00:00\",\"dateModified\":\"2026-04-29T18:09:18+00:00\",\"breadcrumb\":{\"@id\":\"https:\/\/senalbamg.org.br\/index.php\/2026\/04\/29\/uma-vez-golpista-sempre-golpista\/#breadcrumb\"},\"inLanguage\":\"pt-PT\",\"potentialAction\":[{\"@type\":\"ReadAction\",\"target\":[\"https:\/\/senalbamg.org.br\/index.php\/2026\/04\/29\/uma-vez-golpista-sempre-golpista\/\"]}]},{\"@type\":\"ImageObject\",\"inLanguage\":\"pt-PT\",\"@id\":\"https:\/\/senalbamg.org.br\/index.php\/2026\/04\/29\/uma-vez-golpista-sempre-golpista\/#primaryimage\",\"url\":\"https:\/\/senalbamg.org.br\/wp-content\/uploads\/2026\/04\/Gemini_Generated_Image_8wis3x8wis3x8wis.png\",\"contentUrl\":\"https:\/\/senalbamg.org.br\/wp-content\/uploads\/2026\/04\/Gemini_Generated_Image_8wis3x8wis3x8wis.png\",\"width\":1856,\"height\":2304},{\"@type\":\"BreadcrumbList\",\"@id\":\"https:\/\/senalbamg.org.br\/index.php\/2026\/04\/29\/uma-vez-golpista-sempre-golpista\/#breadcrumb\",\"itemListElement\":[{\"@type\":\"ListItem\",\"position\":1,\"name\":\"In\u00edcio\",\"item\":\"https:\/\/senalbamg.org.br\/\"},{\"@type\":\"ListItem\",\"position\":2,\"name\":\"Uma Vez Golpista, Sempre Golpista\"}]},{\"@type\":\"WebSite\",\"@id\":\"https:\/\/senalbamg.org.br\/#website\",\"url\":\"https:\/\/senalbamg.org.br\/\",\"name\":\"SENALBAMG\",\"description\":\"Fortale\u00e7a seu sindicato!\",\"publisher\":{\"@id\":\"https:\/\/senalbamg.org.br\/#organization\"},\"potentialAction\":[{\"@type\":\"SearchAction\",\"target\":{\"@type\":\"EntryPoint\",\"urlTemplate\":\"https:\/\/senalbamg.org.br\/?s={search_term_string}\"},\"query-input\":{\"@type\":\"PropertyValueSpecification\",\"valueRequired\":true,\"valueName\":\"search_term_string\"}}],\"inLanguage\":\"pt-PT\"},{\"@type\":\"Organization\",\"@id\":\"https:\/\/senalbamg.org.br\/#organization\",\"name\":\"SENALBAMG\",\"url\":\"https:\/\/senalbamg.org.br\/\",\"logo\":{\"@type\":\"ImageObject\",\"inLanguage\":\"pt-PT\",\"@id\":\"https:\/\/senalbamg.org.br\/#\/schema\/logo\/image\/\",\"url\":\"https:\/\/senalbamg.org.br\/wp-content\/uploads\/2025\/05\/Black-White-Letter-MD-Logo-Instagram-Post-Copia-1.jpg\",\"contentUrl\":\"https:\/\/senalbamg.org.br\/wp-content\/uploads\/2025\/05\/Black-White-Letter-MD-Logo-Instagram-Post-Copia-1.jpg\",\"width\":1080,\"height\":504,\"caption\":\"SENALBAMG\"},\"image\":{\"@id\":\"https:\/\/senalbamg.org.br\/#\/schema\/logo\/image\/\"}},{\"@type\":\"Person\",\"@id\":\"https:\/\/senalbamg.org.br\/#\/schema\/person\/a1182b231037888a45ea6853e70d3ba0\",\"name\":\"Senalbamg\",\"image\":{\"@type\":\"ImageObject\",\"inLanguage\":\"pt-PT\",\"@id\":\"https:\/\/senalbamg.org.br\/#\/schema\/person\/image\/\",\"url\":\"https:\/\/secure.gravatar.com\/avatar\/b03df12ad1668e9441e8303782bc9e63c63c07de35381ddc9ad9105ea877da7f?s=96&d=mm&r=g\",\"contentUrl\":\"https:\/\/secure.gravatar.com\/avatar\/b03df12ad1668e9441e8303782bc9e63c63c07de35381ddc9ad9105ea877da7f?s=96&d=mm&r=g\",\"caption\":\"Senalbamg\"},\"description\":\"O Senalba-MG \u00e9 o sindicato que representa os trabalhadores do Sistema S em Minas Gerais \u2014 Sesi, Senai, Sesc, Senac, Sescoop, Sest, Senat e Senar. Tamb\u00e9m atuamos na defesa dos trabalhadores da Assist\u00eancia Social, abrangendo entidades sem fins lucrativos, associa\u00e7\u00f5es, funda\u00e7\u00f5es, creches, ONGs, OSs, OSCIPs. Nossa base inclui ainda os profissionais dos cursos livres, como os de idiomas, inform\u00e1tica e capacita\u00e7\u00e3o profissional.\",\"sameAs\":[\"https:\/\/senalbamg.org.br\/\",\"https:\/\/www.facebook.com\/manucastelo1\/\",\"https:\/\/www.instagram.com\/manucastelo\/?hl=pt-br\",\"https:\/\/www.linkedin.com\/in\/manucastelo\/\",\"https:\/\/br.pinterest.com\/manucastelo\/\",\"https:\/\/x.com\/manucastelo\",\"https:\/\/www.youtube.com\/@manucastelo1\"],\"url\":\"https:\/\/senalbamg.org.br\/index.php\/author\/manus\/\"}]}<\/script>\n<!-- \/ Yoast SEO plugin. -->","yoast_head_json":{"title":"Uma Vez Golpista, Sempre Golpista - SENALBAMG","robots":{"index":"index","follow":"follow","max-snippet":"max-snippet:-1","max-image-preview":"max-image-preview:large","max-video-preview":"max-video-preview:-1"},"canonical":"https:\/\/senalbamg.org.br\/index.php\/2026\/04\/29\/uma-vez-golpista-sempre-golpista\/","og_locale":"pt_PT","og_type":"article","og_title":"Uma Vez Golpista, Sempre Golpista - SENALBAMG","og_description":"Uma Vez Golpista, Sempre Golpista An\u00e1lise Pol\u00edtica \u00b7 Cr\u00edtica e Contexto Uma Vez Golpista,Sempre Golpista","og_url":"https:\/\/senalbamg.org.br\/index.php\/2026\/04\/29\/uma-vez-golpista-sempre-golpista\/","og_site_name":"SENALBAMG","article_author":"https:\/\/www.facebook.com\/manucastelo1\/","article_published_time":"2026-04-29T18:03:56+00:00","article_modified_time":"2026-04-29T18:09:18+00:00","og_image":[{"width":825,"height":1024,"url":"https:\/\/senalbamg.org.br\/wp-content\/uploads\/2026\/04\/Gemini_Generated_Image_8wis3x8wis3x8wis-825x1024.png","type":"image\/png"}],"author":"Senalbamg","twitter_card":"summary_large_image","twitter_creator":"@manucastelo","twitter_misc":{"Escrito por":"Senalbamg","Tempo estimado de leitura":"10 minutos"},"schema":{"@context":"https:\/\/schema.org","@graph":[{"@type":"Article","@id":"https:\/\/senalbamg.org.br\/index.php\/2026\/04\/29\/uma-vez-golpista-sempre-golpista\/#article","isPartOf":{"@id":"https:\/\/senalbamg.org.br\/index.php\/2026\/04\/29\/uma-vez-golpista-sempre-golpista\/"},"author":{"name":"Senalbamg","@id":"https:\/\/senalbamg.org.br\/#\/schema\/person\/a1182b231037888a45ea6853e70d3ba0"},"headline":"Uma Vez Golpista, Sempre Golpista","datePublished":"2026-04-29T18:03:56+00:00","dateModified":"2026-04-29T18:09:18+00:00","mainEntityOfPage":{"@id":"https:\/\/senalbamg.org.br\/index.php\/2026\/04\/29\/uma-vez-golpista-sempre-golpista\/"},"wordCount":1814,"publisher":{"@id":"https:\/\/senalbamg.org.br\/#organization"},"image":{"@id":"https:\/\/senalbamg.org.br\/index.php\/2026\/04\/29\/uma-vez-golpista-sempre-golpista\/#primaryimage"},"thumbnailUrl":"https:\/\/senalbamg.org.br\/wp-content\/uploads\/2026\/04\/Gemini_Generated_Image_8wis3x8wis3x8wis.png","articleSection":["Noticias","Pol\u00edtica"],"inLanguage":"pt-PT"},{"@type":"WebPage","@id":"https:\/\/senalbamg.org.br\/index.php\/2026\/04\/29\/uma-vez-golpista-sempre-golpista\/","url":"https:\/\/senalbamg.org.br\/index.php\/2026\/04\/29\/uma-vez-golpista-sempre-golpista\/","name":"Uma Vez Golpista, Sempre Golpista - SENALBAMG","isPartOf":{"@id":"https:\/\/senalbamg.org.br\/#website"},"primaryImageOfPage":{"@id":"https:\/\/senalbamg.org.br\/index.php\/2026\/04\/29\/uma-vez-golpista-sempre-golpista\/#primaryimage"},"image":{"@id":"https:\/\/senalbamg.org.br\/index.php\/2026\/04\/29\/uma-vez-golpista-sempre-golpista\/#primaryimage"},"thumbnailUrl":"https:\/\/senalbamg.org.br\/wp-content\/uploads\/2026\/04\/Gemini_Generated_Image_8wis3x8wis3x8wis.png","datePublished":"2026-04-29T18:03:56+00:00","dateModified":"2026-04-29T18:09:18+00:00","breadcrumb":{"@id":"https:\/\/senalbamg.org.br\/index.php\/2026\/04\/29\/uma-vez-golpista-sempre-golpista\/#breadcrumb"},"inLanguage":"pt-PT","potentialAction":[{"@type":"ReadAction","target":["https:\/\/senalbamg.org.br\/index.php\/2026\/04\/29\/uma-vez-golpista-sempre-golpista\/"]}]},{"@type":"ImageObject","inLanguage":"pt-PT","@id":"https:\/\/senalbamg.org.br\/index.php\/2026\/04\/29\/uma-vez-golpista-sempre-golpista\/#primaryimage","url":"https:\/\/senalbamg.org.br\/wp-content\/uploads\/2026\/04\/Gemini_Generated_Image_8wis3x8wis3x8wis.png","contentUrl":"https:\/\/senalbamg.org.br\/wp-content\/uploads\/2026\/04\/Gemini_Generated_Image_8wis3x8wis3x8wis.png","width":1856,"height":2304},{"@type":"BreadcrumbList","@id":"https:\/\/senalbamg.org.br\/index.php\/2026\/04\/29\/uma-vez-golpista-sempre-golpista\/#breadcrumb","itemListElement":[{"@type":"ListItem","position":1,"name":"In\u00edcio","item":"https:\/\/senalbamg.org.br\/"},{"@type":"ListItem","position":2,"name":"Uma Vez Golpista, Sempre Golpista"}]},{"@type":"WebSite","@id":"https:\/\/senalbamg.org.br\/#website","url":"https:\/\/senalbamg.org.br\/","name":"SENALBAMG","description":"Fortale\u00e7a seu sindicato!","publisher":{"@id":"https:\/\/senalbamg.org.br\/#organization"},"potentialAction":[{"@type":"SearchAction","target":{"@type":"EntryPoint","urlTemplate":"https:\/\/senalbamg.org.br\/?s={search_term_string}"},"query-input":{"@type":"PropertyValueSpecification","valueRequired":true,"valueName":"search_term_string"}}],"inLanguage":"pt-PT"},{"@type":"Organization","@id":"https:\/\/senalbamg.org.br\/#organization","name":"SENALBAMG","url":"https:\/\/senalbamg.org.br\/","logo":{"@type":"ImageObject","inLanguage":"pt-PT","@id":"https:\/\/senalbamg.org.br\/#\/schema\/logo\/image\/","url":"https:\/\/senalbamg.org.br\/wp-content\/uploads\/2025\/05\/Black-White-Letter-MD-Logo-Instagram-Post-Copia-1.jpg","contentUrl":"https:\/\/senalbamg.org.br\/wp-content\/uploads\/2025\/05\/Black-White-Letter-MD-Logo-Instagram-Post-Copia-1.jpg","width":1080,"height":504,"caption":"SENALBAMG"},"image":{"@id":"https:\/\/senalbamg.org.br\/#\/schema\/logo\/image\/"}},{"@type":"Person","@id":"https:\/\/senalbamg.org.br\/#\/schema\/person\/a1182b231037888a45ea6853e70d3ba0","name":"Senalbamg","image":{"@type":"ImageObject","inLanguage":"pt-PT","@id":"https:\/\/senalbamg.org.br\/#\/schema\/person\/image\/","url":"https:\/\/secure.gravatar.com\/avatar\/b03df12ad1668e9441e8303782bc9e63c63c07de35381ddc9ad9105ea877da7f?s=96&d=mm&r=g","contentUrl":"https:\/\/secure.gravatar.com\/avatar\/b03df12ad1668e9441e8303782bc9e63c63c07de35381ddc9ad9105ea877da7f?s=96&d=mm&r=g","caption":"Senalbamg"},"description":"O Senalba-MG \u00e9 o sindicato que representa os trabalhadores do Sistema S em Minas Gerais \u2014 Sesi, Senai, Sesc, Senac, Sescoop, Sest, Senat e Senar. Tamb\u00e9m atuamos na defesa dos trabalhadores da Assist\u00eancia Social, abrangendo entidades sem fins lucrativos, associa\u00e7\u00f5es, funda\u00e7\u00f5es, creches, ONGs, OSs, OSCIPs. Nossa base inclui ainda os profissionais dos cursos livres, como os de idiomas, inform\u00e1tica e capacita\u00e7\u00e3o profissional.","sameAs":["https:\/\/senalbamg.org.br\/","https:\/\/www.facebook.com\/manucastelo1\/","https:\/\/www.instagram.com\/manucastelo\/?hl=pt-br","https:\/\/www.linkedin.com\/in\/manucastelo\/","https:\/\/br.pinterest.com\/manucastelo\/","https:\/\/x.com\/manucastelo","https:\/\/www.youtube.com\/@manucastelo1"],"url":"https:\/\/senalbamg.org.br\/index.php\/author\/manus\/"}]}},"_links":{"self":[{"href":"https:\/\/senalbamg.org.br\/index.php\/wp-json\/wp\/v2\/posts\/2947","targetHints":{"allow":["GET"]}}],"collection":[{"href":"https:\/\/senalbamg.org.br\/index.php\/wp-json\/wp\/v2\/posts"}],"about":[{"href":"https:\/\/senalbamg.org.br\/index.php\/wp-json\/wp\/v2\/types\/post"}],"author":[{"embeddable":true,"href":"https:\/\/senalbamg.org.br\/index.php\/wp-json\/wp\/v2\/users\/6"}],"replies":[{"embeddable":true,"href":"https:\/\/senalbamg.org.br\/index.php\/wp-json\/wp\/v2\/comments?post=2947"}],"version-history":[{"count":2,"href":"https:\/\/senalbamg.org.br\/index.php\/wp-json\/wp\/v2\/posts\/2947\/revisions"}],"predecessor-version":[{"id":2950,"href":"https:\/\/senalbamg.org.br\/index.php\/wp-json\/wp\/v2\/posts\/2947\/revisions\/2950"}],"wp:featuredmedia":[{"embeddable":true,"href":"https:\/\/senalbamg.org.br\/index.php\/wp-json\/wp\/v2\/media\/2946"}],"wp:attachment":[{"href":"https:\/\/senalbamg.org.br\/index.php\/wp-json\/wp\/v2\/media?parent=2947"}],"wp:term":[{"taxonomy":"category","embeddable":true,"href":"https:\/\/senalbamg.org.br\/index.php\/wp-json\/wp\/v2\/categories?post=2947"},{"taxonomy":"post_tag","embeddable":true,"href":"https:\/\/senalbamg.org.br\/index.php\/wp-json\/wp\/v2\/tags?post=2947"}],"curies":[{"name":"wp","href":"https:\/\/api.w.org\/{rel}","templated":true}]}}