{"id":2779,"date":"2026-03-16T09:00:00","date_gmt":"2026-03-16T12:00:00","guid":{"rendered":"https:\/\/senalbamg.org.br\/?p=2779"},"modified":"2026-03-31T11:26:06","modified_gmt":"2026-03-31T14:26:06","slug":"campanhasalarial2026","status":"publish","type":"post","link":"https:\/\/senalbamg.org.br\/index.php\/2026\/03\/16\/campanhasalarial2026\/","title":{"rendered":"Assembleias 2026"},"content":{"rendered":"\n<!DOCTYPE html>\n<html lang=\"pt-BR\">\n<head>\n  <meta charset=\"UTF-8\" \/>\n  <meta name=\"viewport\" content=\"width=device-width, initial-scale=1.0\"\/>\n  <title>Campanha Salarial 2026 \u2013 Sua Presen\u00e7a Faz a Diferen\u00e7a<\/title>\n  <link href=\"https:\/\/fonts.googleapis.com\/css2?family=Bebas+Neue&#038;family=Barlow:ital,wght@0,400;0,600;0,700;1,400&#038;display=swap\" rel=\"stylesheet\"\/>\n  <style>\n    :root {\n      --vermelho: #C0282E;\n      --vermelho-escuro: #8C1A1E;\n      --amarelo: #F5C518;\n      --carvao: #1A1A1A;\n      --cinza-escuro: #2B2B2B;\n      --cinza-medio: #444;\n      --branco: #FAFAFA;\n      --borda: rgba(245,197,24,0.25);\n    }\n\n    *, *::before, *::after { box-sizing: border-box; margin: 0; padding: 0; }\n\n    body {\n      background-color: var(--carvao);\n      color: var(--branco);\n      font-family: 'Barlow', sans-serif;\n      font-size: 17px;\n      line-height: 1.75;\n      overflow-x: hidden;\n    }\n\n    \/* \u2500\u2500 HERO \u2500\u2500 *\/\n    .hero {\n      position: relative;\n      min-height: 92vh;\n      display: flex;\n      align-items: center;\n      justify-content: center;\n      text-align: center;\n      padding: 80px 24px 60px;\n      background:\n        radial-gradient(ellipse 80% 60% at 50% 0%, rgba(192,40,46,0.35) 0%, transparent 70%),\n        repeating-linear-gradient(\n          135deg,\n          transparent,\n          transparent 40px,\n          rgba(255,255,255,0.015) 40px,\n          rgba(255,255,255,0.015) 41px\n        ),\n        var(--carvao);\n      overflow: hidden;\n    }\n\n    .hero::before {\n      content: '2026';\n      position: absolute;\n      font-family: 'Bebas Neue', sans-serif;\n      font-size: clamp(180px, 28vw, 420px);\n      color: rgba(255,255,255,0.03);\n      top: 50%;\n      left: 50%;\n      transform: translate(-50%, -50%);\n      pointer-events: none;\n      user-select: none;\n      white-space: nowrap;\n    }\n\n    .hero-inner { position: relative; z-index: 2; max-width: 860px; }\n\n    .badge {\n      display: inline-block;\n      background: var(--vermelho);\n      color: var(--branco);\n      font-family: 'Barlow', sans-serif;\n      font-weight: 700;\n      font-size: 0.75rem;\n      letter-spacing: 0.18em;\n      text-transform: uppercase;\n      padding: 6px 18px;\n      border-radius: 2px;\n      margin-bottom: 28px;\n      animation: fadeDown 0.6s ease both;\n    }\n\n    .hero h1 {\n      font-family: 'Bebas Neue', sans-serif;\n      font-size: clamp(52px, 9vw, 110px);\n      line-height: 0.95;\n      letter-spacing: 0.02em;\n      color: var(--branco);\n      animation: fadeDown 0.7s 0.1s ease both;\n    }\n\n    .hero h1 span {\n      color: var(--amarelo);\n      display: block;\n    }\n\n    .hero-sub {\n      margin-top: 28px;\n      font-size: clamp(16px, 2.2vw, 20px);\n      color: rgba(250,250,250,0.72);\n      max-width: 640px;\n      margin-left: auto;\n      margin-right: auto;\n      animation: fadeDown 0.7s 0.2s ease both;\n    }\n\n    .hero-cta {\n      margin-top: 44px;\n      display: flex;\n      gap: 16px;\n      justify-content: center;\n      flex-wrap: wrap;\n      animation: fadeDown 0.7s 0.3s ease both;\n    }\n\n    \/* \u2500\u2500 BOT\u00d5ES \u2500\u2500 *\/\n    .btn {\n      display: inline-flex;\n      align-items: center;\n      gap: 10px;\n      font-family: 'Barlow', sans-serif;\n      font-weight: 700;\n      font-size: 0.95rem;\n      letter-spacing: 0.06em;\n      text-transform: uppercase;\n      padding: 16px 32px;\n      border-radius: 3px;\n      text-decoration: none;\n      transition: transform 0.18s ease, box-shadow 0.18s ease, background 0.18s ease;\n      cursor: pointer;\n    }\n\n    .btn-primary {\n      background: var(--vermelho);\n      color: var(--branco);\n      box-shadow: 0 4px 24px rgba(192,40,46,0.45);\n    }\n    .btn-primary:hover {\n      background: var(--vermelho-escuro);\n      transform: translateY(-2px);\n      box-shadow: 0 8px 32px rgba(192,40,46,0.6);\n    }\n\n    .btn-outline {\n      background: transparent;\n      color: var(--amarelo);\n      border: 2px solid var(--amarelo);\n    }\n    .btn-outline:hover {\n      background: var(--amarelo);\n      color: var(--carvao);\n      transform: translateY(-2px);\n    }\n\n    .btn svg { flex-shrink: 0; }\n\n    \/* \u2500\u2500 DIVISOR \u2500\u2500 *\/\n    .divider {\n      height: 4px;\n      background: linear-gradient(90deg, var(--vermelho), var(--amarelo), var(--vermelho));\n      opacity: 0.8;\n    }\n\n    \/* \u2500\u2500 SE\u00c7\u00c3O TEXTO \u2500\u2500 *\/\n    .section {\n      background: #1A1A1A !important;\n      padding: 80px 0;\n      width: 100%;\n    }\n\n    .section-inner {\n      max-width: 820px;\n      margin: 0 auto;\n      padding: 0 24px;\n    }\n\n    \/* For\u00e7a cor branca em TODOS os h2 e h3 dentro das se\u00e7\u00f5es customizadas *\/\n    .section h2,\n    .section h3,\n    .pillars-bg h2,\n    .pillars-bg h3,\n    .boletins-section h2,\n    .boletins-section h3,\n    .assembleia-section h2,\n    .assembleia-section h3,\n    .closing-section h2,\n    .closing-section h3,\n    .pillar-card h3,\n    .boletin-card h3,\n    .assembleia-card h3 {\n      color: #FAFAFA !important;\n    }\n\n    .section-label {\n      font-family: 'Barlow', sans-serif;\n      font-weight: 700;\n      font-size: 0.72rem;\n      letter-spacing: 0.22em;\n      text-transform: uppercase;\n      color: #F5C518 !important;\n      margin-bottom: 12px;\n    }\n\n    .section h2 {\n      font-family: 'Bebas Neue', sans-serif;\n      font-size: clamp(36px, 5vw, 58px);\n      letter-spacing: 0.03em;\n      line-height: 1.05;\n      margin-bottom: 36px;\n      color: #FAFAFA !important;\n    }\n\n    .text-block p {\n      margin-bottom: 22px;\n      color: #d4d4d4 !important;\n      font-size: clamp(16px, 1.8vw, 18px);\n    }\n\n    .text-block p:last-child { margin-bottom: 0; }\n\n    \/* \u2500\u2500 DESTAQUE CITA\u00c7\u00c3O \u2500\u2500 *\/\n    .quote-block {\n      border-left: 5px solid var(--amarelo);\n      background: rgba(245,197,24,0.07);\n      padding: 28px 32px;\n      margin: 44px 0;\n      border-radius: 0 4px 4px 0;\n    }\n\n    .quote-block p {\n      font-size: clamp(17px, 2vw, 20px);\n      font-weight: 600;\n      font-style: italic;\n      color: var(--branco) !important;\n      margin: 0 !important;\n    }\n\n    \/* \u2500\u2500 CARDS PILARES \u2500\u2500 *\/\n    .pillars-bg {\n      background: #2B2B2B !important;\n      padding: 80px 24px;\n    }\n\n    .pillars-inner {\n      max-width: 1100px;\n      margin: 0 auto;\n    }\n\n    .pillars-grid {\n      display: grid;\n      grid-template-columns: repeat(auto-fit, minmax(220px, 1fr));\n      gap: 20px;\n      margin-top: 48px;\n    }\n\n    .pillar-card {\n      background: #1A1A1A !important;\n      border: 1px solid rgba(245,197,24,0.25);\n      border-top: 3px solid #C0282E;\n      padding: 32px 24px;\n      border-radius: 4px;\n      text-align: center;\n      transition: transform 0.2s ease, border-color 0.2s ease;\n    }\n    .pillar-card:hover {\n      transform: translateY(-4px);\n      border-top-color: #F5C518;\n    }\n\n    .pillar-icon {\n      font-size: 2.4rem;\n      margin-bottom: 16px;\n      display: block;\n    }\n\n    .pillar-card h3 {\n      font-family: 'Bebas Neue', sans-serif;\n      font-size: 1.6rem;\n      letter-spacing: 0.05em;\n      color: #F5C518 !important;\n      margin-bottom: 10px;\n    }\n\n    .pillar-card p {\n      font-size: 0.92rem;\n      color: #cccccc !important;\n      line-height: 1.6;\n    }\n\n    \/* \u2500\u2500 CTA BOLETINS \u2500\u2500 *\/\n    .boletins-section {\n      background:\n        radial-gradient(ellipse 70% 80% at 50% 100%, rgba(192,40,46,0.28) 0%, transparent 70%),\n        var(--carvao);\n      padding: 80px 24px;\n      text-align: center;\n    }\n\n    .boletins-inner { max-width: 860px; margin: 0 auto; }\n\n    .boletins-grid {\n      display: grid;\n      grid-template-columns: repeat(auto-fit, minmax(240px, 1fr));\n      gap: 20px;\n      margin-top: 44px;\n    }\n\n    .boletin-card {\n      background: #2B2B2B !important;\n      border: 1px solid rgba(245,197,24,0.25);\n      border-radius: 6px;\n      padding: 36px 28px;\n      text-decoration: none;\n      display: flex;\n      flex-direction: column;\n      align-items: center;\n      gap: 14px;\n      transition: transform 0.2s ease, border-color 0.2s ease, background 0.2s ease;\n      color: #FAFAFA !important;\n    }\n\n    .boletin-card:hover {\n      transform: translateY(-5px);\n      border-color: #F5C518;\n      background: rgba(245,197,24,0.06) !important;\n    }\n\n    .boletin-icon {\n      width: 56px;\n      height: 56px;\n      background: #C0282E !important;\n      border-radius: 50%;\n      display: flex;\n      align-items: center;\n      justify-content: center;\n      flex-shrink: 0;\n    }\n\n    .boletin-card h3 {\n      font-family: 'Bebas Neue', sans-serif;\n      font-size: 1.45rem;\n      letter-spacing: 0.05em;\n      color: #FAFAFA !important;\n    }\n\n    .boletin-card p {\n      font-size: 0.88rem;\n      color: #aaaaaa !important;\n    }\n\n    .boletin-link-label {\n      font-size: 0.82rem;\n      font-weight: 700;\n      letter-spacing: 0.12em;\n      text-transform: uppercase;\n      color: #F5C518 !important;\n      margin-top: 4px;\n    }\n\n    .assembleia-card--geral {\n      border: 2px solid rgba(245,197,24,0.5) !important;\n      background: #1f1a00 !important;\n      grid-column: 1 \/ -1;\n      flex-direction: column;\n      align-items: center;\n      padding: 40px 36px;\n    }\n\n    .assembleia-card--geral h3 {\n      font-size: 2rem !important;\n      text-align: center;\n    }\n\n    .assembleia-card--geral p {\n      text-align: center;\n      max-width: 620px;\n    }\n\n    .assembleia-card--geral .btn-assembleia--geral {\n      position: relative;\n      z-index: 10;\n      pointer-events: auto !important;\n    }\n\n    .assembleia-geral-badge {\n      display: inline-block;\n      background: #F5C518 !important;\n      color: #1A1A1A !important;\n      font-family: 'Barlow', sans-serif;\n      font-weight: 700;\n      font-size: 0.7rem;\n      letter-spacing: 0.18em;\n      text-transform: uppercase;\n      padding: 5px 14px;\n      border-radius: 2px;\n    }\n\n    .assembleia-periodo {\n      display: flex !important;\n      align-items: center;\n      justify-content: center;\n      gap: 7px;\n      font-size: 0.88rem !important;\n      font-weight: 600;\n      color: #F5C518 !important;\n      background: rgba(245,197,24,0.08);\n      border: 1px solid rgba(245,197,24,0.25);\n      border-radius: 3px;\n      padding: 8px 16px;\n      width: 100%;\n      text-align: center;\n    }\n\n    .btn-assembleia--geral {\n      background: #F5C518 !important;\n      color: #1A1A1A !important;\n      font-size: 1rem !important;\n      padding: 18px 32px !important;\n      box-shadow: 0 4px 24px rgba(245,197,24,0.4) !important;\n    }\n    .btn-assembleia--geral:hover {\n      background: #ffd84a !important;\n      box-shadow: 0 8px 32px rgba(245,197,24,0.6) !important;\n    }\n\n    .boletin-card--destaque {\n      border: 2px solid rgba(245,197,24,0.45) !important;\n      background: #1f1a00 !important;\n    }\n\n    \/* \u2500\u2500 ASSEMBLEIA \u2500\u2500 *\/\n    .assembleia-section {\n      background: #2B2B2B !important;\n      padding: 80px 24px;\n      text-align: center;\n    }\n\n    .assembleia-inner { max-width: 860px; margin: 0 auto; }\n\n    .assembleia-grid {\n      display: grid;\n      grid-template-columns: repeat(auto-fit, minmax(260px, 1fr));\n      gap: 24px;\n      margin-top: 44px;\n    }\n\n    .assembleia-card {\n      background: #1A1A1A !important;\n      border: 1px solid rgba(245,197,24,0.25);\n      border-radius: 6px;\n      padding: 40px 32px;\n      display: flex;\n      flex-direction: column;\n      align-items: center;\n      gap: 16px;\n      text-align: center;\n    }\n\n    .assembleia-card-icon {\n      width: 64px;\n      height: 64px;\n      background: linear-gradient(135deg, #C0282E, #8C1A1E);\n      border-radius: 50%;\n      display: flex;\n      align-items: center;\n      justify-content: center;\n      flex-shrink: 0;\n      box-shadow: 0 4px 20px rgba(192,40,46,0.4);\n    }\n\n    .assembleia-card h3 {\n      font-family: 'Bebas Neue', sans-serif;\n      font-size: 1.7rem;\n      letter-spacing: 0.05em;\n      color: #FAFAFA !important;\n    }\n\n    .assembleia-card p {\n      font-size: 0.9rem;\n      color: #aaaaaa !important;\n      line-height: 1.6;\n    }\n\n    .btn-assembleia {\n      display: inline-flex;\n      align-items: center;\n      gap: 10px;\n      font-family: 'Barlow', sans-serif;\n      font-weight: 700;\n      font-size: 0.92rem;\n      letter-spacing: 0.08em;\n      text-transform: uppercase;\n      padding: 15px 28px;\n      border-radius: 3px;\n      text-decoration: none;\n      background: #F5C518 !important;\n      color: #1A1A1A !important;\n      margin-top: 8px;\n      transition: transform 0.18s ease, box-shadow 0.18s ease, background 0.18s ease;\n      box-shadow: 0 4px 18px rgba(245,197,24,0.3);\n      width: 100%;\n      justify-content: center;\n    }\n    .btn-assembleia:hover {\n      background: #ffd84a !important;\n      transform: translateY(-3px);\n      box-shadow: 0 8px 28px rgba(245,197,24,0.5);\n    }\n\n    \/* \u2500\u2500 FRASE FINAL \u2500\u2500 *\/\n    .closing-section {\n      background: #8C1A1E !important;\n      padding: 80px 24px;\n      text-align: center;\n    }\n\n    .closing-inner { max-width: 780px; margin: 0 auto; }\n\n    .closing-section h2 {\n      font-family: 'Bebas Neue', sans-serif;\n      font-size: clamp(42px, 7vw, 90px);\n      line-height: 1;\n      letter-spacing: 0.03em;\n      color: var(--branco);\n      margin-bottom: 24px;\n    }\n\n    .closing-section p {\n      font-size: clamp(15px, 1.8vw, 18px);\n      color: rgba(255,255,255,0.8);\n      margin-bottom: 40px;\n    }\n\n    \/* \u2500\u2500 FOOTER LINE \u2500\u2500 *\/\n    .footer-line {\n      background: #111;\n      padding: 20px 24px;\n      text-align: center;\n      font-size: 0.8rem;\n      color: rgba(255,255,255,0.3);\n      letter-spacing: 0.08em;\n    }\n\n    \/* \u2500\u2500 ANIMA\u00c7\u00d5ES \u2500\u2500 *\/\n    @keyframes fadeDown {\n      from { opacity: 0; transform: translateY(-18px); }\n      to   { opacity: 1; transform: translateY(0); }\n    }\n\n    \/* \u2500\u2500 RESPONSIVO \u2500\u2500 *\/\n    @media (max-width: 600px) {\n      .hero-cta { flex-direction: column; align-items: center; }\n      .btn { width: 100%; justify-content: center; }\n    }\n  <\/style>\n<\/head>\n<body>\n\n  <!-- \u2550\u2550\u2550\u2550\u2550\u2550\u2550\u2550\u2550\u2550\u2550 HERO \u2550\u2550\u2550\u2550\u2550\u2550\u2550\u2550\u2550\u2550\u2550 -->\n  <section class=\"hero\">\n    <div class=\"hero-inner\">\n      <div class=\"badge\">Campanha Salarial<\/div>\n      <h1>\n        Sua Voz.<br>\n        <span>Sua For\u00e7a.<\/span>\n        Sua Conquista.\n      <\/h1>\n      <p class=\"hero-sub\">\n        A campanha salarial de 2026 est\u00e1 come\u00e7ando \u2014 e ela ser\u00e1 t\u00e3o forte quanto a participa\u00e7\u00e3o de cada um de voc\u00eas.\n      <\/p>\n      <div class=\"hero-cta\">\n        <a href=\"#boletins\" class=\"btn btn-primary\">\n          <svg width=\"18\" height=\"18\" viewBox=\"0 0 24 24\" fill=\"none\" stroke=\"currentColor\" stroke-width=\"2.5\" stroke-linecap=\"round\" stroke-linejoin=\"round\"><path d=\"M14 2H6a2 2 0 0 0-2 2v16a2 2 0 0 0 2 2h12a2 2 0 0 0 2-2V8z\"\/><polyline points=\"14 2 14 8 20 8\"\/><\/svg>\n          Acesse o Boletim\n        <\/a>\n        <a href=\"#campanha\" class=\"btn btn-outline\">\n          <svg width=\"18\" height=\"18\" viewBox=\"0 0 24 24\" fill=\"none\" stroke=\"currentColor\" stroke-width=\"2.5\" stroke-linecap=\"round\" stroke-linejoin=\"round\"><circle cx=\"12\" cy=\"12\" r=\"10\"\/><line x1=\"12\" y1=\"8\" x2=\"12\" y2=\"12\"\/><line x1=\"12\" y1=\"16\" x2=\"12.01\" y2=\"16\"\/><\/svg>\n          Entenda a Campanha\n        <\/a>\n      <\/div>\n    <\/div>\n  <\/section>\n\n  <div class=\"divider\"><\/div>\n\n  <!-- \u2550\u2550\u2550\u2550\u2550\u2550\u2550\u2550\u2550\u2550\u2550 TEXTO PRINCIPAL \u2550\u2550\u2550\u2550\u2550\u2550\u2550\u2550\u2550\u2550\u2550 -->\n  <section id=\"campanha\" class=\"section\">\n    <div class=\"section-inner\">\n    <div class=\"section-label\">Por que participar?<\/div>\n    <h2>A Assembleia \u00c9 Onde Tudo Come\u00e7a<\/h2>\n\n    <div class=\"text-block\">\n      <p>Ao contr\u00e1rio do que muitos pensam, a campanha salarial n\u00e3o nasce pronta. Ela come\u00e7a com a participa\u00e7\u00e3o de cada trabalhador na assembleia. \u00c9 nesse espa\u00e7o que a categoria aponta suas necessidades, define prioridades e constr\u00f3i a pauta de reivindica\u00e7\u00f5es que ser\u00e1 levada \u00e0 mesa de negocia\u00e7\u00e3o.<\/p>\n\n      <p>Depois, essa pauta pode se transformar em avan\u00e7os concretos para o seu bolso, para seus direitos e para a sua qualidade de vida.<\/p>\n\n      <div class=\"quote-block\">\n        <p>N\u00e3o \u00e9 poss\u00edvel construir conquistas com trabalhadores ausentes e depois esperar que os resultados apare\u00e7am. Se voc\u00ea n\u00e3o participa, quem decide por voc\u00ea?<\/p>\n      <\/div>\n\n      <p>Por isso, \u00e9 preciso dizer com toda clareza: quem n\u00e3o participa da assembleia abre m\u00e3o de construir e decidir os rumos da pr\u00f3pria categoria. E, sinceramente, n\u00e3o faz sentido cobrar resultado daquilo que voc\u00ea escolheu n\u00e3o construir.<\/p>\n\n      <p>Tem sido comum ver trabalhador que n\u00e3o participa da assembleia, n\u00e3o contribui com o debate e depois critica o sindicato, como se as conquistas ca\u00edssem do c\u00e9u. N\u00e3o caem. Nenhum ganho vem do acaso. Ganho vem de organiza\u00e7\u00e3o, mobiliza\u00e7\u00e3o, participa\u00e7\u00e3o e for\u00e7a coletiva.<\/p>\n\n      <p>Muita gente se movimenta rapidamente quando o assunto \u00e9 enviar carta de oposi\u00e7\u00e3o \u00e0 sustenta\u00e7\u00e3o financeira. Mas vale uma reflex\u00e3o: se existe disposi\u00e7\u00e3o para se manifestar quando o tema \u00e9 a sustenta\u00e7\u00e3o financeira do sindicato, por que essa mesma disposi\u00e7\u00e3o n\u00e3o aparece na hora de construir a pauta que vai defender sal\u00e1rio, benef\u00edcios e condi\u00e7\u00f5es de trabalho?<\/p>\n\n      <p>No fim das contas, quando o trabalhador se afasta da assembleia, ele n\u00e3o enfraquece apenas o sindicato. Ele enfraquece a pr\u00f3pria categoria e luta contra os seus pr\u00f3prios interesses. Porque a pauta constru\u00edda coletivamente pode virar conven\u00e7\u00e3o coletiva, gerar prote\u00e7\u00e3o, garantir direitos e melhorar a vida de todos no ambiente de trabalho e dentro de casa.<\/p>\n    <\/div><!-- \/.text-block -->\n    <\/div><!-- \/.section-inner -->\n  <\/section>\n  <div class=\"pillars-bg\">\n    <div class=\"pillars-inner\">\n      <div class=\"section-label\" style=\"text-align:center;color:#F5C518!important;\">O que gera conquista<\/div>\n      <h2 style=\"font-family:'Bebas Neue',sans-serif;font-size:clamp(36px,5vw,58px);text-align:center;margin-bottom:0;color:#FAFAFA!important;\">Sem isso, n\u00e3o h\u00e1 resultado<\/h2>\n      <div class=\"pillars-grid\">\n        <div class=\"pillar-card\">\n          <span class=\"pillar-icon\">\ud83e\udd1d<\/span>\n          <h3>Organiza\u00e7\u00e3o<\/h3>\n          <p>Trabalhadores organizados criam uma base s\u00f3lida para qualquer negocia\u00e7\u00e3o.<\/p>\n        <\/div>\n        <div class=\"pillar-card\">\n          <span class=\"pillar-icon\">\ud83d\udce3<\/span>\n          <h3>Mobiliza\u00e7\u00e3o<\/h3>\n          <p>Quanto mais mobilizados, mais peso a categoria tem \u00e0 mesa de negocia\u00e7\u00e3o.<\/p>\n        <\/div>\n        <div class=\"pillar-card\">\n          <span class=\"pillar-icon\">\u270a<\/span>\n          <h3>Participa\u00e7\u00e3o<\/h3>\n          <p>Presen\u00e7a na assembleia \u00e9 o ato concreto de exercer sua voz e seu voto.<\/p>\n        <\/div>\n        <div class=\"pillar-card\">\n          <span class=\"pillar-icon\">\ud83d\udcaa<\/span>\n          <h3>For\u00e7a Coletiva<\/h3>\n          <p>A for\u00e7a de um \u00e9 limitada. A for\u00e7a de todos juntos \u00e9 o que move conquistas.<\/p>\n        <\/div>\n      <\/div>\n    <\/div>\n  <\/div>\n\n  <!-- \u2550\u2550\u2550\u2550\u2550\u2550\u2550\u2550\u2550\u2550\u2550 BOLETINS \u2550\u2550\u2550\u2550\u2550\u2550\u2550\u2550\u2550\u2550\u2550 -->\n  <section id=\"boletins\" class=\"boletins-section\">\n    <div class=\"boletins-inner\">\n      <div class=\"section-label\">Material de campanha<\/div>\n      <h2 style=\"font-family:'Bebas Neue',sans-serif;font-size:clamp(36px,5.5vw,68px);line-height:1;margin-bottom:16px;color:#FAFAFA!important;\">Acesse o Boletim<br>da Sua Categoria<\/h2>\n      <p style=\"color:rgba(250,250,250,0.65);max-width:540px;margin:0 auto;font-size:clamp(15px,1.8vw,17px);\">\n        Fique por dentro das pautas, datas e informa\u00e7\u00f5es da campanha salarial 2026.\n      <\/p>\n\n      <div class=\"boletins-grid\">\n        <!-- GERAL -->\n        <a href=\"https:\/\/senalbamg.org.br\/wp-content\/uploads\/2026\/03\/Boletins-Geral-2026.pdf\" target=\"_blank\" rel=\"noopener\" class=\"boletin-card boletin-card--destaque\">\n          <div class=\"boletin-icon\" style=\"background:#F5C518!important;\">\n            <svg width=\"26\" height=\"26\" viewBox=\"0 0 24 24\" fill=\"none\" stroke=\"#1A1A1A\" stroke-width=\"2.2\" stroke-linecap=\"round\" stroke-linejoin=\"round\"><path d=\"M14 2H6a2 2 0 0 0-2 2v16a2 2 0 0 0 2 2h12a2 2 0 0 0 2-2V8z\"\/><polyline points=\"14 2 14 8 20 8\"\/><line x1=\"16\" y1=\"13\" x2=\"8\" y2=\"13\"\/><line x1=\"16\" y1=\"17\" x2=\"8\" y2=\"17\"\/><polyline points=\"10 9 9 9 8 9\"\/><\/svg>\n          <\/div>\n          <h3>Assembleia Geral<\/h3>\n          <p>Boletim geral \u2014 abrange toda a categoria representada pelo SENALBA-MG, exceto categorias com conven\u00e7\u00f5es espec\u00edficas<\/p>\n          <span class=\"boletin-link-label\">\u2193 Baixar Boletim PDF<\/span>\n        <\/a>\n\n        <!-- APAE -->\n        <a href=\"https:\/\/senalbamg.org.br\/wp-content\/uploads\/2026\/03\/Boletim_Apae_2026.pdf\" target=\"_blank\" rel=\"noopener\" class=\"boletin-card\">\n          <div class=\"boletin-icon\">\n            <svg width=\"26\" height=\"26\" viewBox=\"0 0 24 24\" fill=\"none\" stroke=\"#fff\" stroke-width=\"2.2\" stroke-linecap=\"round\" stroke-linejoin=\"round\"><path d=\"M14 2H6a2 2 0 0 0-2 2v16a2 2 0 0 0 2 2h12a2 2 0 0 0 2-2V8z\"\/><polyline points=\"14 2 14 8 20 8\"\/><line x1=\"16\" y1=\"13\" x2=\"8\" y2=\"13\"\/><line x1=\"16\" y1=\"17\" x2=\"8\" y2=\"17\"\/><polyline points=\"10 9 9 9 8 9\"\/><\/svg>\n          <\/div>\n          <h3>APAE<\/h3>\n          <p>Boletim da campanha salarial 2026 para trabalhadores da APAE<\/p>\n          <span class=\"boletin-link-label\">\u2193 Baixar Boletim PDF<\/span>\n        <\/a>\n\n        <!-- SESI SENAI -->\n        <a href=\"https:\/\/senalbamg.org.br\/wp-content\/uploads\/2026\/03\/Boletim-Sesi-Senai-Iel-e-Ciemg.pdf\" target=\"_blank\" rel=\"noopener\" class=\"boletin-card\">\n          <div class=\"boletin-icon\">\n            <svg width=\"26\" height=\"26\" viewBox=\"0 0 24 24\" fill=\"none\" stroke=\"#fff\" stroke-width=\"2.2\" stroke-linecap=\"round\" stroke-linejoin=\"round\"><path d=\"M14 2H6a2 2 0 0 0-2 2v16a2 2 0 0 0 2 2h12a2 2 0 0 0 2-2V8z\"\/><polyline points=\"14 2 14 8 20 8\"\/><line x1=\"16\" y1=\"13\" x2=\"8\" y2=\"13\"\/><line x1=\"16\" y1=\"17\" x2=\"8\" y2=\"17\"\/><polyline points=\"10 9 9 9 8 9\"\/><\/svg>\n          <\/div>\n          <h3>SESI \/ SENAI \/ IEL \/ CIEMG<\/h3>\n          <p>Boletim da campanha salarial 2026 para trabalhadores do sistema<\/p>\n          <span class=\"boletin-link-label\">\u2193 Baixar Boletim PDF<\/span>\n        <\/a>\n\n        <!-- FUMP -->\n        <a href=\"https:\/\/senalbamg.org.br\/wp-content\/uploads\/2026\/03\/Boletim-Fump-2026.pdf\" target=\"_blank\" rel=\"noopener\" class=\"boletin-card\">\n          <div class=\"boletin-icon\">\n            <svg width=\"26\" height=\"26\" viewBox=\"0 0 24 24\" fill=\"none\" stroke=\"#fff\" stroke-width=\"2.2\" stroke-linecap=\"round\" stroke-linejoin=\"round\"><path d=\"M14 2H6a2 2 0 0 0-2 2v16a2 2 0 0 0 2 2h12a2 2 0 0 0 2-2V8z\"\/><polyline points=\"14 2 14 8 20 8\"\/><line x1=\"16\" y1=\"13\" x2=\"8\" y2=\"13\"\/><line x1=\"16\" y1=\"17\" x2=\"8\" y2=\"17\"\/><polyline points=\"10 9 9 9 8 9\"\/><\/svg>\n          <\/div>\n          <h3>FUMP<\/h3>\n          <p>Boletim da campanha salarial 2026 para trabalhadores da FUMP<\/p>\n          <span class=\"boletin-link-label\">\u2193 Baixar Boletim PDF<\/span>\n        <\/a>\n\n        <!-- IDIOMAS -->\n        <a href=\"https:\/\/senalbamg.org.br\/wp-content\/uploads\/2026\/03\/Idiomas-boletim.pdf\" target=\"_blank\" rel=\"noopener\" class=\"boletin-card\">\n          <div class=\"boletin-icon\">\n            <svg width=\"26\" height=\"26\" viewBox=\"0 0 24 24\" fill=\"none\" stroke=\"#fff\" stroke-width=\"2.2\" stroke-linecap=\"round\" stroke-linejoin=\"round\"><path d=\"M14 2H6a2 2 0 0 0-2 2v16a2 2 0 0 0 2 2h12a2 2 0 0 0 2-2V8z\"\/><polyline points=\"14 2 14 8 20 8\"\/><line x1=\"16\" y1=\"13\" x2=\"8\" y2=\"13\"\/><line x1=\"16\" y1=\"17\" x2=\"8\" y2=\"17\"\/><polyline points=\"10 9 9 9 8 9\"\/><\/svg>\n          <\/div>\n          <h3>Cursos de Idiomas<\/h3>\n          <p>Boletim da campanha salarial 2026 para trabalhadores em cursos de idiomas em MG<\/p>\n          <span class=\"boletin-link-label\">\u2193 Baixar Boletim PDF<\/span>\n        <\/a>\n      <\/div>\n    <\/div>\n  <\/section>\n\n  <!-- \u2550\u2550\u2550\u2550\u2550\u2550\u2550\u2550\u2550\u2550\u2550 ASSEMBLEIA \u2550\u2550\u2550\u2550\u2550\u2550\u2550\u2550\u2550\u2550\u2550 -->\n  <section id=\"assembleia\" class=\"assembleia-section\">\n    <div class=\"assembleia-inner\">\n      <div class=\"section-label\">Inscri\u00e7\u00e3o obrigat\u00f3ria<\/div>\n      <h2 style=\"font-family:'Bebas Neue',sans-serif;font-size:clamp(36px,5.5vw,68px);line-height:1;margin-bottom:16px;color:#FAFAFA!important;\">Confirme sua Presen\u00e7a<br>na Assembleia<\/h2>\n      <p style=\"color:rgba(250,250,250,0.65);max-width:560px;margin:0 auto;font-size:clamp(15px,1.8vw,17px);\">\n        Clique no bot\u00e3o da sua categoria, preencha o formul\u00e1rio e garanta sua participa\u00e7\u00e3o. Sua presen\u00e7a constr\u00f3i a pauta.\n      <\/p>\n\n      <div class=\"assembleia-grid\">\n\n        <!-- GERAL -->\n        <div class=\"assembleia-card assembleia-card--geral\">\n          <div class=\"assembleia-card-icon\" style=\"background:linear-gradient(135deg,#F5C518,#e0a800)!important;box-shadow:0 4px 20px rgba(245,197,24,0.45)!important;\">\n            <svg width=\"30\" height=\"30\" viewBox=\"0 0 24 24\" fill=\"none\" stroke=\"#1A1A1A\" stroke-width=\"2.2\" stroke-linecap=\"round\" stroke-linejoin=\"round\"><circle cx=\"12\" cy=\"12\" r=\"10\"\/><path d=\"M12 8v4l3 3\"\/><\/svg>\n          <\/div>\n          <div class=\"assembleia-geral-badge\">Assembleia Geral \u00b7 Toda a Categoria<\/div>\n          <h3 style=\"color:#F5C518!important;\">Assembleia Geral<\/h3>\n          <p>Abrange toda a categoria representada pelo SENALBA-MG, <strong style=\"color:#FAFAFA;\">exceto<\/strong> categorias com conven\u00e7\u00f5es ou acordos espec\u00edficos (APAE, FUMP, SESI, SENAI, cursos livres, etc.).<\/p>\n          <p class=\"assembleia-periodo\">\n            <svg width=\"14\" height=\"14\" viewBox=\"0 0 24 24\" fill=\"none\" stroke=\"currentColor\" stroke-width=\"2.5\" stroke-linecap=\"round\" stroke-linejoin=\"round\"><rect x=\"3\" y=\"4\" width=\"18\" height=\"18\" rx=\"2\" ry=\"2\"\/><line x1=\"16\" y1=\"2\" x2=\"16\" y2=\"6\"\/><line x1=\"8\" y1=\"2\" x2=\"8\" y2=\"6\"\/><line x1=\"3\" y1=\"10\" x2=\"21\" y2=\"10\"\/><\/svg>\n            23\/03 \u00e0s 09h30 at\u00e9 27\/03\/2026 \u00e0s 15h00\n          <\/p>\n          <a href=\"https:\/\/forms.gle\/EGKi3dFMefS8HWiM8\" target=\"_blank\" rel=\"noopener\" class=\"btn-assembleia btn-assembleia--geral\">\n            <svg width=\"17\" height=\"17\" viewBox=\"0 0 24 24\" fill=\"none\" stroke=\"currentColor\" stroke-width=\"2.5\" stroke-linecap=\"round\" stroke-linejoin=\"round\"><polyline points=\"9 11 12 14 22 4\"\/><path d=\"M21 12v7a2 2 0 0 1-2 2H5a2 2 0 0 1-2-2V5a2 2 0 0 1 2-2h11\"\/><\/svg>\n            Participar da Assembleia Geral\n          <\/a>\n        <\/div>\n\n        <!-- APAE -->\n        <div class=\"assembleia-card\">\n          <div class=\"assembleia-card-icon\">\n            <svg width=\"30\" height=\"30\" viewBox=\"0 0 24 24\" fill=\"none\" stroke=\"#fff\" stroke-width=\"2.2\" stroke-linecap=\"round\" stroke-linejoin=\"round\"><path d=\"M17 21v-2a4 4 0 0 0-4-4H5a4 4 0 0 0-4 4v2\"\/><circle cx=\"9\" cy=\"7\" r=\"4\"\/><path d=\"M23 21v-2a4 4 0 0 0-3-3.87\"\/><path d=\"M16 3.13a4 4 0 0 1 0 7.75\"\/><\/svg>\n          <\/div>\n          <h3>APAE<\/h3>\n          <p>Trabalhadores da APAE \u2014 confirme sua presen\u00e7a na assembleia e ajude a construir a pauta da sua categoria.<\/p>\n          <a href=\"https:\/\/forms.gle\/6MEeAPRci2tPgTtW9\" target=\"_blank\" rel=\"noopener\" class=\"btn-assembleia\">\n            <svg width=\"17\" height=\"17\" viewBox=\"0 0 24 24\" fill=\"none\" stroke=\"currentColor\" stroke-width=\"2.5\" stroke-linecap=\"round\" stroke-linejoin=\"round\"><polyline points=\"9 11 12 14 22 4\"\/><path d=\"M21 12v7a2 2 0 0 1-2 2H5a2 2 0 0 1-2-2V5a2 2 0 0 1 2-2h11\"\/><\/svg>\n            Participar da Assembleia \u2013 APAE\n          <\/a>\n        <\/div>\n\n        <!-- SESI SENAI -->\n        <div class=\"assembleia-card\">\n          <div class=\"assembleia-card-icon\">\n            <svg width=\"30\" height=\"30\" viewBox=\"0 0 24 24\" fill=\"none\" stroke=\"#fff\" stroke-width=\"2.2\" stroke-linecap=\"round\" stroke-linejoin=\"round\"><path d=\"M17 21v-2a4 4 0 0 0-4-4H5a4 4 0 0 0-4 4v2\"\/><circle cx=\"9\" cy=\"7\" r=\"4\"\/><path d=\"M23 21v-2a4 4 0 0 0-3-3.87\"\/><path d=\"M16 3.13a4 4 0 0 1 0 7.75\"\/><\/svg>\n          <\/div>\n          <h3>SESI \/ SENAI \/ IEL \/ CIEMG<\/h3>\n          <p>Trabalhadores do sistema \u2014 confirme sua presen\u00e7a na assembleia e fa\u00e7a parte da constru\u00e7\u00e3o coletiva.<\/p>\n          <a href=\"https:\/\/forms.gle\/mTiB2acvbcDQvY1WA\" target=\"_blank\" rel=\"noopener\" class=\"btn-assembleia\">\n            <svg width=\"17\" height=\"17\" viewBox=\"0 0 24 24\" fill=\"none\" stroke=\"currentColor\" stroke-width=\"2.5\" stroke-linecap=\"round\" stroke-linejoin=\"round\"><polyline points=\"9 11 12 14 22 4\"\/><path d=\"M21 12v7a2 2 0 0 1-2 2H5a2 2 0 0 1-2-2V5a2 2 0 0 1 2-2h11\"\/><\/svg>\n            Participar da Assembleia \u2013 SESI\/SENAI\n          <\/a>\n        <\/div>\n\n        <!-- FUMP -->\n        <div class=\"assembleia-card\">\n          <div class=\"assembleia-card-icon\">\n            <svg width=\"30\" height=\"30\" viewBox=\"0 0 24 24\" fill=\"none\" stroke=\"#fff\" stroke-width=\"2.2\" stroke-linecap=\"round\" stroke-linejoin=\"round\"><path d=\"M17 21v-2a4 4 0 0 0-4-4H5a4 4 0 0 0-4 4v2\"\/><circle cx=\"9\" cy=\"7\" r=\"4\"\/><path d=\"M23 21v-2a4 4 0 0 0-3-3.87\"\/><path d=\"M16 3.13a4 4 0 0 1 0 7.75\"\/><\/svg>\n          <\/div>\n          <h3>FUMP<\/h3>\n          <p>Trabalhadores da FUMP \u2014 assembleia de 18 a 20 de mar\u00e7o. Confirme sua presen\u00e7a e construa a pauta coletiva.<\/p>\n          <a href=\"https:\/\/forms.gle\/P2z8FfQXcz2buyaYA\" target=\"_blank\" rel=\"noopener\" class=\"btn-assembleia\">\n            <svg width=\"17\" height=\"17\" viewBox=\"0 0 24 24\" fill=\"none\" stroke=\"currentColor\" stroke-width=\"2.5\" stroke-linecap=\"round\" stroke-linejoin=\"round\"><polyline points=\"9 11 12 14 22 4\"\/><path d=\"M21 12v7a2 2 0 0 1-2 2H5a2 2 0 0 1-2-2V5a2 2 0 0 1 2-2h11\"\/><\/svg>\n            Participar da Assembleia \u2013 FUMP\n          <\/a>\n        <\/div>\n\n        <!-- CURSOS DE IDIOMAS -->\n        <div class=\"assembleia-card\">\n          <div class=\"assembleia-card-icon\">\n            <svg width=\"30\" height=\"30\" viewBox=\"0 0 24 24\" fill=\"none\" stroke=\"#fff\" stroke-width=\"2.2\" stroke-linecap=\"round\" stroke-linejoin=\"round\"><path d=\"M17 21v-2a4 4 0 0 0-4-4H5a4 4 0 0 0-4 4v2\"\/><circle cx=\"9\" cy=\"7\" r=\"4\"\/><path d=\"M23 21v-2a4 4 0 0 0-3-3.87\"\/><path d=\"M16 3.13a4 4 0 0 1 0 7.75\"\/><\/svg>\n          <\/div>\n          <h3>Cursos de Idiomas<\/h3>\n          <p>Trabalhadores em cursos de idiomas em MG \u2014 assembleia de 30\/03 a 04\/04. Confirme sua presen\u00e7a e construa a pauta coletiva.<\/p>\n          <a href=\"https:\/\/forms.gle\/dXBaJBYkCTF3V91D7\" target=\"_blank\" rel=\"noopener\" class=\"btn-assembleia\">\n            <svg width=\"17\" height=\"17\" viewBox=\"0 0 24 24\" fill=\"none\" stroke=\"currentColor\" stroke-width=\"2.5\" stroke-linecap=\"round\" stroke-linejoin=\"round\"><polyline points=\"9 11 12 14 22 4\"\/><path d=\"M21 12v7a2 2 0 0 1-2 2H5a2 2 0 0 1-2-2V5a2 2 0 0 1 2-2h11\"\/><\/svg>\n            Participar da Assembleia \u2013 Idiomas\n          <\/a>\n        <\/div>\n\n      <\/div>\n    <\/div>\n  <\/section>\n\n  <div class=\"divider\"><\/div>\n\n  <!-- \u2550\u2550\u2550\u2550\u2550\u2550\u2550\u2550\u2550\u2550\u2550 FECHAMENTO \u2550\u2550\u2550\u2550\u2550\u2550\u2550\u2550\u2550\u2550\u2550 -->\n  <section class=\"closing-section\">\n    <div class=\"closing-inner\">\n      <h2>Venha.<br>Participe.<\/h2>\n      <p>\n        Participar \u00e9 um ato de responsabilidade. Quem quer ter ganho precisa entender uma verdade simples: <strong>sem participa\u00e7\u00e3o, n\u00e3o h\u00e1 for\u00e7a. E sem for\u00e7a, n\u00e3o h\u00e1 conquista.<\/strong> Uma conven\u00e7\u00e3o ou Acordo Coletivo de qualidade come\u00e7a na assembleia.\n      <\/p>\n      <p style=\"font-size:clamp(14px,1.6vw,16px); margin-bottom:40px;\">\n        Sua presen\u00e7a \u00e9 o primeiro passo para qualquer conquista.\n      <\/p>\n      <a href=\"#boletins\" class=\"btn btn-outline\" style=\"border-color:#fff;color:#fff;font-size:1rem;\">\n        <svg width=\"18\" height=\"18\" viewBox=\"0 0 24 24\" fill=\"none\" stroke=\"currentColor\" stroke-width=\"2.5\" stroke-linecap=\"round\" stroke-linejoin=\"round\"><polyline points=\"6 9 12 15 18 9\"\/><\/svg>\n        Ver Boletins da Categoria\n      <\/a>\n    <\/div>\n  <\/section>\n\n  <div class=\"footer-line\">\n    Campanha Salarial 2026 &nbsp;\u00b7&nbsp; SENALBA-MG &nbsp;\u00b7&nbsp; Todos os direitos reservados\n  <\/div>\n\n<\/body>\n<\/html>\n","protected":false},"excerpt":{"rendered":"<p>Campanha Salarial 2026 \u2013 Sua Presen\u00e7a Faz a Diferen\u00e7a Campanha Salarial Sua Voz. Sua For\u00e7a.<\/p>\n","protected":false},"author":6,"featured_media":2782,"comment_status":"closed","ping_status":"closed","sticky":true,"template":"","format":"standard","meta":{"footnotes":""},"categories":[26,27,5],"tags":[],"class_list":["post-2779","post","type-post","status-publish","format-standard","has-post-thumbnail","hentry","category-assembleias","category-campanha-salarial","category-noticias"],"yoast_head":"<!-- This site is optimized with the Yoast SEO plugin v25.1 - https:\/\/yoast.com\/wordpress\/plugins\/seo\/ -->\n<title>Assembleias 2026 - SENALBAMG<\/title>\n<meta name=\"robots\" content=\"index, follow, max-snippet:-1, max-image-preview:large, max-video-preview:-1\" \/>\n<link rel=\"canonical\" href=\"https:\/\/senalbamg.org.br\/index.php\/2026\/03\/16\/campanhasalarial2026\/\" \/>\n<meta property=\"og:locale\" content=\"pt_PT\" \/>\n<meta property=\"og:type\" content=\"article\" \/>\n<meta property=\"og:title\" content=\"Assembleias 2026 - SENALBAMG\" \/>\n<meta property=\"og:description\" content=\"Campanha Salarial 2026 \u2013 Sua Presen\u00e7a Faz a Diferen\u00e7a Campanha Salarial Sua Voz. Sua For\u00e7a.\" \/>\n<meta property=\"og:url\" content=\"https:\/\/senalbamg.org.br\/index.php\/2026\/03\/16\/campanhasalarial2026\/\" \/>\n<meta property=\"og:site_name\" content=\"SENALBAMG\" \/>\n<meta property=\"article:author\" content=\"https:\/\/www.facebook.com\/manucastelo1\/\" \/>\n<meta property=\"article:published_time\" content=\"2026-03-16T12:00:00+00:00\" \/>\n<meta property=\"article:modified_time\" content=\"2026-03-31T14:26:06+00:00\" \/>\n<meta property=\"og:image\" content=\"https:\/\/senalbamg.org.br\/wp-content\/uploads\/2026\/03\/APAE.jpg\" \/>\n\t<meta property=\"og:image:width\" content=\"1080\" \/>\n\t<meta property=\"og:image:height\" content=\"1350\" \/>\n\t<meta property=\"og:image:type\" content=\"image\/jpeg\" \/>\n<meta name=\"author\" content=\"Senalbamg\" \/>\n<meta name=\"twitter:card\" content=\"summary_large_image\" \/>\n<meta name=\"twitter:creator\" content=\"@manucastelo\" \/>\n<meta name=\"twitter:label1\" content=\"Escrito por\" \/>\n\t<meta name=\"twitter:data1\" content=\"Senalbamg\" \/>\n\t<meta name=\"twitter:label2\" content=\"Tempo estimado de leitura\" \/>\n\t<meta name=\"twitter:data2\" content=\"5 minutos\" \/>\n<script type=\"application\/ld+json\" class=\"yoast-schema-graph\">{\"@context\":\"https:\/\/schema.org\",\"@graph\":[{\"@type\":\"Article\",\"@id\":\"https:\/\/senalbamg.org.br\/index.php\/2026\/03\/16\/campanhasalarial2026\/#article\",\"isPartOf\":{\"@id\":\"https:\/\/senalbamg.org.br\/index.php\/2026\/03\/16\/campanhasalarial2026\/\"},\"author\":{\"name\":\"Senalbamg\",\"@id\":\"https:\/\/senalbamg.org.br\/#\/schema\/person\/a1182b231037888a45ea6853e70d3ba0\"},\"headline\":\"Assembleias 2026\",\"datePublished\":\"2026-03-16T12:00:00+00:00\",\"dateModified\":\"2026-03-31T14:26:06+00:00\",\"mainEntityOfPage\":{\"@id\":\"https:\/\/senalbamg.org.br\/index.php\/2026\/03\/16\/campanhasalarial2026\/\"},\"wordCount\":785,\"publisher\":{\"@id\":\"https:\/\/senalbamg.org.br\/#organization\"},\"image\":{\"@id\":\"https:\/\/senalbamg.org.br\/index.php\/2026\/03\/16\/campanhasalarial2026\/#primaryimage\"},\"thumbnailUrl\":\"https:\/\/senalbamg.org.br\/wp-content\/uploads\/2026\/03\/APAE.jpg\",\"articleSection\":[\"Assembleias\",\"Campanha Salarial\",\"Noticias\"],\"inLanguage\":\"pt-PT\"},{\"@type\":\"WebPage\",\"@id\":\"https:\/\/senalbamg.org.br\/index.php\/2026\/03\/16\/campanhasalarial2026\/\",\"url\":\"https:\/\/senalbamg.org.br\/index.php\/2026\/03\/16\/campanhasalarial2026\/\",\"name\":\"Assembleias 2026 - SENALBAMG\",\"isPartOf\":{\"@id\":\"https:\/\/senalbamg.org.br\/#website\"},\"primaryImageOfPage\":{\"@id\":\"https:\/\/senalbamg.org.br\/index.php\/2026\/03\/16\/campanhasalarial2026\/#primaryimage\"},\"image\":{\"@id\":\"https:\/\/senalbamg.org.br\/index.php\/2026\/03\/16\/campanhasalarial2026\/#primaryimage\"},\"thumbnailUrl\":\"https:\/\/senalbamg.org.br\/wp-content\/uploads\/2026\/03\/APAE.jpg\",\"datePublished\":\"2026-03-16T12:00:00+00:00\",\"dateModified\":\"2026-03-31T14:26:06+00:00\",\"breadcrumb\":{\"@id\":\"https:\/\/senalbamg.org.br\/index.php\/2026\/03\/16\/campanhasalarial2026\/#breadcrumb\"},\"inLanguage\":\"pt-PT\",\"potentialAction\":[{\"@type\":\"ReadAction\",\"target\":[\"https:\/\/senalbamg.org.br\/index.php\/2026\/03\/16\/campanhasalarial2026\/\"]}]},{\"@type\":\"ImageObject\",\"inLanguage\":\"pt-PT\",\"@id\":\"https:\/\/senalbamg.org.br\/index.php\/2026\/03\/16\/campanhasalarial2026\/#primaryimage\",\"url\":\"https:\/\/senalbamg.org.br\/wp-content\/uploads\/2026\/03\/APAE.jpg\",\"contentUrl\":\"https:\/\/senalbamg.org.br\/wp-content\/uploads\/2026\/03\/APAE.jpg\",\"width\":1080,\"height\":1350},{\"@type\":\"BreadcrumbList\",\"@id\":\"https:\/\/senalbamg.org.br\/index.php\/2026\/03\/16\/campanhasalarial2026\/#breadcrumb\",\"itemListElement\":[{\"@type\":\"ListItem\",\"position\":1,\"name\":\"In\u00edcio\",\"item\":\"https:\/\/senalbamg.org.br\/\"},{\"@type\":\"ListItem\",\"position\":2,\"name\":\"Assembleias 2026\"}]},{\"@type\":\"WebSite\",\"@id\":\"https:\/\/senalbamg.org.br\/#website\",\"url\":\"https:\/\/senalbamg.org.br\/\",\"name\":\"SENALBAMG\",\"description\":\"Fortale\u00e7a seu sindicato!\",\"publisher\":{\"@id\":\"https:\/\/senalbamg.org.br\/#organization\"},\"potentialAction\":[{\"@type\":\"SearchAction\",\"target\":{\"@type\":\"EntryPoint\",\"urlTemplate\":\"https:\/\/senalbamg.org.br\/?s={search_term_string}\"},\"query-input\":{\"@type\":\"PropertyValueSpecification\",\"valueRequired\":true,\"valueName\":\"search_term_string\"}}],\"inLanguage\":\"pt-PT\"},{\"@type\":\"Organization\",\"@id\":\"https:\/\/senalbamg.org.br\/#organization\",\"name\":\"SENALBAMG\",\"url\":\"https:\/\/senalbamg.org.br\/\",\"logo\":{\"@type\":\"ImageObject\",\"inLanguage\":\"pt-PT\",\"@id\":\"https:\/\/senalbamg.org.br\/#\/schema\/logo\/image\/\",\"url\":\"https:\/\/senalbamg.org.br\/wp-content\/uploads\/2025\/05\/Black-White-Letter-MD-Logo-Instagram-Post-Copia-1.jpg\",\"contentUrl\":\"https:\/\/senalbamg.org.br\/wp-content\/uploads\/2025\/05\/Black-White-Letter-MD-Logo-Instagram-Post-Copia-1.jpg\",\"width\":1080,\"height\":504,\"caption\":\"SENALBAMG\"},\"image\":{\"@id\":\"https:\/\/senalbamg.org.br\/#\/schema\/logo\/image\/\"}},{\"@type\":\"Person\",\"@id\":\"https:\/\/senalbamg.org.br\/#\/schema\/person\/a1182b231037888a45ea6853e70d3ba0\",\"name\":\"Senalbamg\",\"image\":{\"@type\":\"ImageObject\",\"inLanguage\":\"pt-PT\",\"@id\":\"https:\/\/senalbamg.org.br\/#\/schema\/person\/image\/\",\"url\":\"https:\/\/secure.gravatar.com\/avatar\/b03df12ad1668e9441e8303782bc9e63c63c07de35381ddc9ad9105ea877da7f?s=96&d=mm&r=g\",\"contentUrl\":\"https:\/\/secure.gravatar.com\/avatar\/b03df12ad1668e9441e8303782bc9e63c63c07de35381ddc9ad9105ea877da7f?s=96&d=mm&r=g\",\"caption\":\"Senalbamg\"},\"description\":\"O Senalba-MG \u00e9 o sindicato que representa os trabalhadores do Sistema S em Minas Gerais \u2014 Sesi, Senai, Sesc, Senac, Sescoop, Sest, Senat e Senar. Tamb\u00e9m atuamos na defesa dos trabalhadores da Assist\u00eancia Social, abrangendo entidades sem fins lucrativos, associa\u00e7\u00f5es, funda\u00e7\u00f5es, creches, ONGs, OSs, OSCIPs. Nossa base inclui ainda os profissionais dos cursos livres, como os de idiomas, inform\u00e1tica e capacita\u00e7\u00e3o profissional.\",\"sameAs\":[\"https:\/\/senalbamg.org.br\/\",\"https:\/\/www.facebook.com\/manucastelo1\/\",\"https:\/\/www.instagram.com\/manucastelo\/?hl=pt-br\",\"https:\/\/www.linkedin.com\/in\/manucastelo\/\",\"https:\/\/br.pinterest.com\/manucastelo\/\",\"https:\/\/x.com\/manucastelo\",\"https:\/\/www.youtube.com\/@manucastelo1\"],\"url\":\"https:\/\/senalbamg.org.br\/index.php\/author\/manus\/\"}]}<\/script>\n<!-- \/ Yoast SEO plugin. -->","yoast_head_json":{"title":"Assembleias 2026 - SENALBAMG","robots":{"index":"index","follow":"follow","max-snippet":"max-snippet:-1","max-image-preview":"max-image-preview:large","max-video-preview":"max-video-preview:-1"},"canonical":"https:\/\/senalbamg.org.br\/index.php\/2026\/03\/16\/campanhasalarial2026\/","og_locale":"pt_PT","og_type":"article","og_title":"Assembleias 2026 - SENALBAMG","og_description":"Campanha Salarial 2026 \u2013 Sua Presen\u00e7a Faz a Diferen\u00e7a Campanha Salarial Sua Voz. Sua For\u00e7a.","og_url":"https:\/\/senalbamg.org.br\/index.php\/2026\/03\/16\/campanhasalarial2026\/","og_site_name":"SENALBAMG","article_author":"https:\/\/www.facebook.com\/manucastelo1\/","article_published_time":"2026-03-16T12:00:00+00:00","article_modified_time":"2026-03-31T14:26:06+00:00","og_image":[{"width":1080,"height":1350,"url":"https:\/\/senalbamg.org.br\/wp-content\/uploads\/2026\/03\/APAE.jpg","type":"image\/jpeg"}],"author":"Senalbamg","twitter_card":"summary_large_image","twitter_creator":"@manucastelo","twitter_misc":{"Escrito por":"Senalbamg","Tempo estimado de leitura":"5 minutos"},"schema":{"@context":"https:\/\/schema.org","@graph":[{"@type":"Article","@id":"https:\/\/senalbamg.org.br\/index.php\/2026\/03\/16\/campanhasalarial2026\/#article","isPartOf":{"@id":"https:\/\/senalbamg.org.br\/index.php\/2026\/03\/16\/campanhasalarial2026\/"},"author":{"name":"Senalbamg","@id":"https:\/\/senalbamg.org.br\/#\/schema\/person\/a1182b231037888a45ea6853e70d3ba0"},"headline":"Assembleias 2026","datePublished":"2026-03-16T12:00:00+00:00","dateModified":"2026-03-31T14:26:06+00:00","mainEntityOfPage":{"@id":"https:\/\/senalbamg.org.br\/index.php\/2026\/03\/16\/campanhasalarial2026\/"},"wordCount":785,"publisher":{"@id":"https:\/\/senalbamg.org.br\/#organization"},"image":{"@id":"https:\/\/senalbamg.org.br\/index.php\/2026\/03\/16\/campanhasalarial2026\/#primaryimage"},"thumbnailUrl":"https:\/\/senalbamg.org.br\/wp-content\/uploads\/2026\/03\/APAE.jpg","articleSection":["Assembleias","Campanha Salarial","Noticias"],"inLanguage":"pt-PT"},{"@type":"WebPage","@id":"https:\/\/senalbamg.org.br\/index.php\/2026\/03\/16\/campanhasalarial2026\/","url":"https:\/\/senalbamg.org.br\/index.php\/2026\/03\/16\/campanhasalarial2026\/","name":"Assembleias 2026 - SENALBAMG","isPartOf":{"@id":"https:\/\/senalbamg.org.br\/#website"},"primaryImageOfPage":{"@id":"https:\/\/senalbamg.org.br\/index.php\/2026\/03\/16\/campanhasalarial2026\/#primaryimage"},"image":{"@id":"https:\/\/senalbamg.org.br\/index.php\/2026\/03\/16\/campanhasalarial2026\/#primaryimage"},"thumbnailUrl":"https:\/\/senalbamg.org.br\/wp-content\/uploads\/2026\/03\/APAE.jpg","datePublished":"2026-03-16T12:00:00+00:00","dateModified":"2026-03-31T14:26:06+00:00","breadcrumb":{"@id":"https:\/\/senalbamg.org.br\/index.php\/2026\/03\/16\/campanhasalarial2026\/#breadcrumb"},"inLanguage":"pt-PT","potentialAction":[{"@type":"ReadAction","target":["https:\/\/senalbamg.org.br\/index.php\/2026\/03\/16\/campanhasalarial2026\/"]}]},{"@type":"ImageObject","inLanguage":"pt-PT","@id":"https:\/\/senalbamg.org.br\/index.php\/2026\/03\/16\/campanhasalarial2026\/#primaryimage","url":"https:\/\/senalbamg.org.br\/wp-content\/uploads\/2026\/03\/APAE.jpg","contentUrl":"https:\/\/senalbamg.org.br\/wp-content\/uploads\/2026\/03\/APAE.jpg","width":1080,"height":1350},{"@type":"BreadcrumbList","@id":"https:\/\/senalbamg.org.br\/index.php\/2026\/03\/16\/campanhasalarial2026\/#breadcrumb","itemListElement":[{"@type":"ListItem","position":1,"name":"In\u00edcio","item":"https:\/\/senalbamg.org.br\/"},{"@type":"ListItem","position":2,"name":"Assembleias 2026"}]},{"@type":"WebSite","@id":"https:\/\/senalbamg.org.br\/#website","url":"https:\/\/senalbamg.org.br\/","name":"SENALBAMG","description":"Fortale\u00e7a seu sindicato!","publisher":{"@id":"https:\/\/senalbamg.org.br\/#organization"},"potentialAction":[{"@type":"SearchAction","target":{"@type":"EntryPoint","urlTemplate":"https:\/\/senalbamg.org.br\/?s={search_term_string}"},"query-input":{"@type":"PropertyValueSpecification","valueRequired":true,"valueName":"search_term_string"}}],"inLanguage":"pt-PT"},{"@type":"Organization","@id":"https:\/\/senalbamg.org.br\/#organization","name":"SENALBAMG","url":"https:\/\/senalbamg.org.br\/","logo":{"@type":"ImageObject","inLanguage":"pt-PT","@id":"https:\/\/senalbamg.org.br\/#\/schema\/logo\/image\/","url":"https:\/\/senalbamg.org.br\/wp-content\/uploads\/2025\/05\/Black-White-Letter-MD-Logo-Instagram-Post-Copia-1.jpg","contentUrl":"https:\/\/senalbamg.org.br\/wp-content\/uploads\/2025\/05\/Black-White-Letter-MD-Logo-Instagram-Post-Copia-1.jpg","width":1080,"height":504,"caption":"SENALBAMG"},"image":{"@id":"https:\/\/senalbamg.org.br\/#\/schema\/logo\/image\/"}},{"@type":"Person","@id":"https:\/\/senalbamg.org.br\/#\/schema\/person\/a1182b231037888a45ea6853e70d3ba0","name":"Senalbamg","image":{"@type":"ImageObject","inLanguage":"pt-PT","@id":"https:\/\/senalbamg.org.br\/#\/schema\/person\/image\/","url":"https:\/\/secure.gravatar.com\/avatar\/b03df12ad1668e9441e8303782bc9e63c63c07de35381ddc9ad9105ea877da7f?s=96&d=mm&r=g","contentUrl":"https:\/\/secure.gravatar.com\/avatar\/b03df12ad1668e9441e8303782bc9e63c63c07de35381ddc9ad9105ea877da7f?s=96&d=mm&r=g","caption":"Senalbamg"},"description":"O Senalba-MG \u00e9 o sindicato que representa os trabalhadores do Sistema S em Minas Gerais \u2014 Sesi, Senai, Sesc, Senac, Sescoop, Sest, Senat e Senar. Tamb\u00e9m atuamos na defesa dos trabalhadores da Assist\u00eancia Social, abrangendo entidades sem fins lucrativos, associa\u00e7\u00f5es, funda\u00e7\u00f5es, creches, ONGs, OSs, OSCIPs. Nossa base inclui ainda os profissionais dos cursos livres, como os de idiomas, inform\u00e1tica e capacita\u00e7\u00e3o profissional.","sameAs":["https:\/\/senalbamg.org.br\/","https:\/\/www.facebook.com\/manucastelo1\/","https:\/\/www.instagram.com\/manucastelo\/?hl=pt-br","https:\/\/www.linkedin.com\/in\/manucastelo\/","https:\/\/br.pinterest.com\/manucastelo\/","https:\/\/x.com\/manucastelo","https:\/\/www.youtube.com\/@manucastelo1"],"url":"https:\/\/senalbamg.org.br\/index.php\/author\/manus\/"}]}},"_links":{"self":[{"href":"https:\/\/senalbamg.org.br\/index.php\/wp-json\/wp\/v2\/posts\/2779","targetHints":{"allow":["GET"]}}],"collection":[{"href":"https:\/\/senalbamg.org.br\/index.php\/wp-json\/wp\/v2\/posts"}],"about":[{"href":"https:\/\/senalbamg.org.br\/index.php\/wp-json\/wp\/v2\/types\/post"}],"author":[{"embeddable":true,"href":"https:\/\/senalbamg.org.br\/index.php\/wp-json\/wp\/v2\/users\/6"}],"replies":[{"embeddable":true,"href":"https:\/\/senalbamg.org.br\/index.php\/wp-json\/wp\/v2\/comments?post=2779"}],"version-history":[{"count":7,"href":"https:\/\/senalbamg.org.br\/index.php\/wp-json\/wp\/v2\/posts\/2779\/revisions"}],"predecessor-version":[{"id":2826,"href":"https:\/\/senalbamg.org.br\/index.php\/wp-json\/wp\/v2\/posts\/2779\/revisions\/2826"}],"wp:featuredmedia":[{"embeddable":true,"href":"https:\/\/senalbamg.org.br\/index.php\/wp-json\/wp\/v2\/media\/2782"}],"wp:attachment":[{"href":"https:\/\/senalbamg.org.br\/index.php\/wp-json\/wp\/v2\/media?parent=2779"}],"wp:term":[{"taxonomy":"category","embeddable":true,"href":"https:\/\/senalbamg.org.br\/index.php\/wp-json\/wp\/v2\/categories?post=2779"},{"taxonomy":"post_tag","embeddable":true,"href":"https:\/\/senalbamg.org.br\/index.php\/wp-json\/wp\/v2\/tags?post=2779"}],"curies":[{"name":"wp","href":"https:\/\/api.w.org\/{rel}","templated":true}]}}